{"id":4600,"date":"2019-08-12T14:52:03","date_gmt":"2019-08-12T14:52:03","guid":{"rendered":"https:\/\/oculio.com\/portugal\/?p=4600"},"modified":"2020-11-25T18:26:48","modified_gmt":"2020-11-25T17:26:48","slug":"luz-uv-que-doencas-podem-surgir","status":"publish","type":"post","link":"https:\/\/www.oculio.com\/portugal\/luz-uv-que-doencas-podem-surgir\/","title":{"rendered":"Luz UV: que doen\u00e7as podem surgir desta luz?"},"content":{"rendered":"<p>A exposi\u00e7\u00e3o \u00e0 Luz Ultra Violeta ou Luz UV <a href=\"https:\/\/www.essilor.pt\/a-sua-visao\/o-que-afeta-os-olhos\/os-raios-uv-sao-perigosos-para-os-seus-olhos\">acontece mesmo quando n\u00e3o estamos ao sol,<\/a> esta pode provocar uma s\u00e9rie de problemas e doen\u00e7as oculares.<\/p>\n<p>Os olhos s\u00e3o o \u00fanico tecido interno do corpo que se encontra exposto \u00e0 luz UV. Eles est\u00e3o expostos todos os dias do ano, mesmo quando o tempo est\u00e1 nublado.<\/p>\n<p>A excessiva exposi\u00e7\u00e3o \u00e0 luz solar pode gerar uma s\u00e9rie de problemas visuais, alguns deles de maior risco, da\u00ed a import\u00e2ncia de haver uma prote\u00e7\u00e3o adequada.<\/p>\n<h2>Cataratas<\/h2>\n<p>A idade \u00e9 o maior fator de risco acrescido para este problema, mas a exposi\u00e7\u00e3o excessiva \u00e0 luz solar, com pouca ou nenhuma prote\u00e7\u00e3o contra os raios UV, tamb\u00e9m aumenta a probabilidade de desenvolver cataratas.<br \/>\n<strong>Sintomas<\/strong>: Vis\u00e3o turva, desfocada, enevoada ou dupla, m\u00e1 visibilidade noturna, aumento da sensibilidade \u00e0 luz e uma colora\u00e7\u00e3o amarela ou castanha na esclera \u2013 parte branca do olho.<br \/>\n<strong>Tratamento<\/strong>: A cirurgia para substituir o cristalino \u00e9, geralmente, o \u00fanico tratamento poss\u00edvel.<\/p>\n<h2>Cancro ocular<\/h2>\n<p>O cancro do olho \u00e9 uma doen\u00e7a rara. O tipo de cancro ocular mais frequente em pessoas adultas \u00e9 o melanoma maligno da \u00favea, que inclui a \u00edris, vasos sangu\u00edneos e m\u00fasculos.<br \/>\n<strong>Sintomas<\/strong>: Perda de vis\u00e3o, sensa\u00e7\u00e3o de flashes luminosos e ver manchas negras flutuantes que cruzam o seu campo de vis\u00e3o.<br \/>\n<strong>Tratamento<\/strong>: Os retinoblastomas e os melanomas oculares podem ser tratados com radioterapia, de forma a eliminar as c\u00e9lulas cancer\u00edgenas.<\/p>\n<h2>Pter\u00edgio<\/h2>\n<p>As pessoas que passam longas horas ao ar livre &#8211; particularmente sob luz solar intensa &#8211; podem desenvolver Pter\u00edgio. Agricultores, esquiadores, pescadores e surfistas s\u00e3o os grupos com maior risco de desenvolver esta doen\u00e7a, da\u00ed ser conhecida como &#8220;olho de surfista&#8221;.<br \/>\n<strong>Sintomas<\/strong>: Se tiver os olhos avermelhados, sentir inflama\u00e7\u00e3o, olhos secos e coceira.<br \/>\n<strong>Tratamento<\/strong>: O desconforto causado por este problema visual pode ser tratado com col\u00edrios ou outra medica\u00e7\u00e3o espec\u00edfica. A cirurgia s\u00f3 \u00e9 necess\u00e1ria em estados muito avan\u00e7ados.<\/p>\n<h2>Fotoqueratite<\/h2>\n<p>\u00c9 uma inflama\u00e7\u00e3o da c\u00f3rnea provocada pelo excesso de exposi\u00e7\u00e3o aos Raios UV, resultando, literalmente, na queimadura da c\u00f3rnea.<br \/>\n<strong>Sintomas<\/strong>: dor nos olhos, os olhos muito vermelhos, sentir muita sensibilidade \u00e0 luz e dores de cabe\u00e7a, s\u00e3o os principais sintomas.<br \/>\n<strong>Tratamento<\/strong>: Esta condi\u00e7\u00e3o visual costuma ser tempor\u00e1ria, sendo que pode desaparecer passado alguns dias, sendo melhor evitar a utiliza\u00e7\u00e3o de lentes de contacto.<\/p>\n<p>\u00c9 importante evitar a exposi\u00e7\u00e3o \u00e0 luz solar e a luzes LED, tentando estar sempre protegido com \u00f3culos com lentes protegidas contra os raios UV. Aos primeiros sintomas deve consultar um especialista ou o seu oftalmologista habitual.<\/p>\n","protected":false},"excerpt":{"rendered":"<p>A exposi\u00e7\u00e3o \u00e0 Luz Ultra Violeta ou Luz UV acontece mesmo quando n\u00e3o estamos ao sol, esta pode provocar uma s\u00e9rie de problemas e doen\u00e7as oculares. Os olhos s\u00e3o o \u00fanico tecido interno do corpo que se encontra exposto \u00e0 luz UV. Eles est\u00e3o expostos todos os dias do ano, mesmo quando o tempo est\u00e1 [&hellip;]<\/p>\n","protected":false},"author":1,"featured_media":4601,"comment_status":"open","ping_status":"open","sticky":false,"template":"","format":"standard","meta":{"inline_featured_image":false,"_monsterinsights_skip_tracking":false,"_monsterinsights_sitenote_active":false,"_monsterinsights_sitenote_note":"","_monsterinsights_sitenote_category":0},"categories":[159],"tags":[203,205,207,195,209],"yoast_head":"<!-- This site is optimized with the Yoast SEO plugin v18.0 - https:\/\/yoast.com\/wordpress\/plugins\/seo\/ -->\n<title>Luz UV: que doen\u00e7as podem surgir desta luz? - Oculio<\/title>\n<meta name=\"description\" content=\"A exposi\u00e7\u00e3o \u00e0 Luz UV acontece mesmo quando n\u00e3o estamos ao sol, esta pode provocar uma s\u00e9rie de problemas e doen\u00e7as oculares.\" \/>\n<meta name=\"robots\" content=\"index, follow, max-snippet:-1, max-image-preview:large, max-video-preview:-1\" \/>\n<link rel=\"canonical\" href=\"https:\/\/www.oculio.com\/portugal\/luz-uv-que-doencas-podem-surgir\/\" \/>\n<meta property=\"og:locale\" content=\"pt_PT\" \/>\n<meta property=\"og:type\" content=\"article\" \/>\n<meta property=\"og:title\" content=\"Luz UV: que doen\u00e7as podem surgir desta luz? - Oculio\" \/>\n<meta property=\"og:description\" content=\"A exposi\u00e7\u00e3o \u00e0 Luz UV acontece mesmo quando n\u00e3o estamos ao sol, esta pode provocar uma s\u00e9rie de problemas e doen\u00e7as oculares.\" \/>\n<meta property=\"og:url\" content=\"https:\/\/www.oculio.com\/portugal\/luz-uv-que-doencas-podem-surgir\/\" \/>\n<meta property=\"og:site_name\" content=\"Oculio\" \/>\n<meta property=\"article:publisher\" content=\"https:\/\/www.facebook.com\/oculio\" \/>\n<meta property=\"article:published_time\" content=\"2019-08-12T14:52:03+00:00\" \/>\n<meta property=\"article:modified_time\" content=\"2020-11-25T17:26:48+00:00\" \/>\n<meta property=\"og:image\" content=\"https:\/\/www.oculio.com\/portugal\/wp-content\/uploads\/2019\/08\/blog-22.jpg\" \/>\n\t<meta property=\"og:image:width\" content=\"1024\" \/>\n\t<meta property=\"og:image:height\" content=\"682\" \/>\n\t<meta property=\"og:image:type\" content=\"image\/jpeg\" \/>\n<meta name=\"twitter:card\" content=\"summary_large_image\" \/>\n<meta name=\"twitter:label1\" content=\"Escrito por\" \/>\n\t<meta name=\"twitter:data1\" content=\"Andr\u00e9 Oliveira\" \/>\n\t<meta name=\"twitter:label2\" content=\"Tempo estimado de leitura\" \/>\n\t<meta name=\"twitter:data2\" content=\"2 minutos\" \/>\n<script type=\"application\/ld+json\" class=\"yoast-schema-graph\">{\"@context\":\"https:\/\/schema.org\",\"@graph\":[{\"@type\":\"WebSite\",\"@id\":\"https:\/\/www.oculio.com\/portugal\/#website\",\"url\":\"https:\/\/www.oculio.com\/portugal\/\",\"name\":\"Oculio\",\"description\":\"Encontre um \u00f3tico perto de si\",\"potentialAction\":[{\"@type\":\"SearchAction\",\"target\":{\"@type\":\"EntryPoint\",\"urlTemplate\":\"https:\/\/www.oculio.com\/portugal\/?s={search_term_string}\"},\"query-input\":\"required name=search_term_string\"}],\"inLanguage\":\"pt-PT\"},{\"@type\":\"ImageObject\",\"@id\":\"https:\/\/www.oculio.com\/portugal\/luz-uv-que-doencas-podem-surgir\/#primaryimage\",\"inLanguage\":\"pt-PT\",\"url\":\"https:\/\/www.oculio.com\/portugal\/wp-content\/uploads\/2019\/08\/blog-22.jpg\",\"contentUrl\":\"https:\/\/www.oculio.com\/portugal\/wp-content\/uploads\/2019\/08\/blog-22.jpg\",\"width\":1024,\"height\":682},{\"@type\":\"WebPage\",\"@id\":\"https:\/\/www.oculio.com\/portugal\/luz-uv-que-doencas-podem-surgir\/#webpage\",\"url\":\"https:\/\/www.oculio.com\/portugal\/luz-uv-que-doencas-podem-surgir\/\",\"name\":\"Luz UV: que doen\u00e7as podem surgir desta luz? - Oculio\",\"isPartOf\":{\"@id\":\"https:\/\/www.oculio.com\/portugal\/#website\"},\"primaryImageOfPage\":{\"@id\":\"https:\/\/www.oculio.com\/portugal\/luz-uv-que-doencas-podem-surgir\/#primaryimage\"},\"datePublished\":\"2019-08-12T14:52:03+00:00\",\"dateModified\":\"2020-11-25T17:26:48+00:00\",\"author\":{\"@id\":\"https:\/\/www.oculio.com\/portugal\/#\/schema\/person\/840b5496b7335837fbc4208b3bcd5b3a\"},\"description\":\"A exposi\u00e7\u00e3o \u00e0 Luz UV acontece mesmo quando n\u00e3o estamos ao sol, esta pode provocar uma s\u00e9rie de problemas e doen\u00e7as oculares.\",\"breadcrumb\":{\"@id\":\"https:\/\/www.oculio.com\/portugal\/luz-uv-que-doencas-podem-surgir\/#breadcrumb\"},\"inLanguage\":\"pt-PT\",\"potentialAction\":[{\"@type\":\"ReadAction\",\"target\":[\"https:\/\/www.oculio.com\/portugal\/luz-uv-que-doencas-podem-surgir\/\"]}]},{\"@type\":\"BreadcrumbList\",\"@id\":\"https:\/\/www.oculio.com\/portugal\/luz-uv-que-doencas-podem-surgir\/#breadcrumb\",\"itemListElement\":[{\"@type\":\"ListItem\",\"position\":1,\"name\":\"In\u00edcio\",\"item\":\"https:\/\/www.oculio.com\/portugal\/\"},{\"@type\":\"ListItem\",\"position\":2,\"name\":\"Luz UV: que doen\u00e7as podem surgir desta luz?\"}]},{\"@type\":\"Person\",\"@id\":\"https:\/\/www.oculio.com\/portugal\/#\/schema\/person\/840b5496b7335837fbc4208b3bcd5b3a\",\"name\":\"Andr\u00e9 Oliveira\",\"image\":{\"@type\":\"ImageObject\",\"@id\":\"https:\/\/www.oculio.com\/portugal\/#personlogo\",\"inLanguage\":\"pt-PT\",\"url\":\"https:\/\/secure.gravatar.com\/avatar\/55f6f15c6c871f7cb5a843c4adace35d?s=96&d=mm&r=g\",\"contentUrl\":\"https:\/\/secure.gravatar.com\/avatar\/55f6f15c6c871f7cb5a843c4adace35d?s=96&d=mm&r=g\",\"caption\":\"Andr\u00e9 Oliveira\"},\"sameAs\":[\"https:\/\/www.sixfoldstudio.com\/\"],\"url\":\"https:\/\/www.oculio.com\/portugal\/author\/andrefcoliveira\/\"}]}<\/script>\n<!-- \/ Yoast SEO plugin. -->","yoast_head_json":{"title":"Luz UV: que doen\u00e7as podem surgir desta luz? - Oculio","description":"A exposi\u00e7\u00e3o \u00e0 Luz UV acontece mesmo quando n\u00e3o estamos ao sol, esta pode provocar uma s\u00e9rie de problemas e doen\u00e7as oculares.","robots":{"index":"index","follow":"follow","max-snippet":"max-snippet:-1","max-image-preview":"max-image-preview:large","max-video-preview":"max-video-preview:-1"},"canonical":"https:\/\/www.oculio.com\/portugal\/luz-uv-que-doencas-podem-surgir\/","og_locale":"pt_PT","og_type":"article","og_title":"Luz UV: que doen\u00e7as podem surgir desta luz? - Oculio","og_description":"A exposi\u00e7\u00e3o \u00e0 Luz UV acontece mesmo quando n\u00e3o estamos ao sol, esta pode provocar uma s\u00e9rie de problemas e doen\u00e7as oculares.","og_url":"https:\/\/www.oculio.com\/portugal\/luz-uv-que-doencas-podem-surgir\/","og_site_name":"Oculio","article_publisher":"https:\/\/www.facebook.com\/oculio","article_published_time":"2019-08-12T14:52:03+00:00","article_modified_time":"2020-11-25T17:26:48+00:00","og_image":[{"width":1024,"height":682,"url":"https:\/\/www.oculio.com\/portugal\/wp-content\/uploads\/2019\/08\/blog-22.jpg","type":"image\/jpeg"}],"twitter_card":"summary_large_image","twitter_misc":{"Escrito por":"Andr\u00e9 Oliveira","Tempo estimado de leitura":"2 minutos"},"schema":{"@context":"https:\/\/schema.org","@graph":[{"@type":"WebSite","@id":"https:\/\/www.oculio.com\/portugal\/#website","url":"https:\/\/www.oculio.com\/portugal\/","name":"Oculio","description":"Encontre um \u00f3tico perto de si","potentialAction":[{"@type":"SearchAction","target":{"@type":"EntryPoint","urlTemplate":"https:\/\/www.oculio.com\/portugal\/?s={search_term_string}"},"query-input":"required name=search_term_string"}],"inLanguage":"pt-PT"},{"@type":"ImageObject","@id":"https:\/\/www.oculio.com\/portugal\/luz-uv-que-doencas-podem-surgir\/#primaryimage","inLanguage":"pt-PT","url":"https:\/\/www.oculio.com\/portugal\/wp-content\/uploads\/2019\/08\/blog-22.jpg","contentUrl":"https:\/\/www.oculio.com\/portugal\/wp-content\/uploads\/2019\/08\/blog-22.jpg","width":1024,"height":682},{"@type":"WebPage","@id":"https:\/\/www.oculio.com\/portugal\/luz-uv-que-doencas-podem-surgir\/#webpage","url":"https:\/\/www.oculio.com\/portugal\/luz-uv-que-doencas-podem-surgir\/","name":"Luz UV: que doen\u00e7as podem surgir desta luz? - Oculio","isPartOf":{"@id":"https:\/\/www.oculio.com\/portugal\/#website"},"primaryImageOfPage":{"@id":"https:\/\/www.oculio.com\/portugal\/luz-uv-que-doencas-podem-surgir\/#primaryimage"},"datePublished":"2019-08-12T14:52:03+00:00","dateModified":"2020-11-25T17:26:48+00:00","author":{"@id":"https:\/\/www.oculio.com\/portugal\/#\/schema\/person\/840b5496b7335837fbc4208b3bcd5b3a"},"description":"A exposi\u00e7\u00e3o \u00e0 Luz UV acontece mesmo quando n\u00e3o estamos ao sol, esta pode provocar uma s\u00e9rie de problemas e doen\u00e7as oculares.","breadcrumb":{"@id":"https:\/\/www.oculio.com\/portugal\/luz-uv-que-doencas-podem-surgir\/#breadcrumb"},"inLanguage":"pt-PT","potentialAction":[{"@type":"ReadAction","target":["https:\/\/www.oculio.com\/portugal\/luz-uv-que-doencas-podem-surgir\/"]}]},{"@type":"BreadcrumbList","@id":"https:\/\/www.oculio.com\/portugal\/luz-uv-que-doencas-podem-surgir\/#breadcrumb","itemListElement":[{"@type":"ListItem","position":1,"name":"In\u00edcio","item":"https:\/\/www.oculio.com\/portugal\/"},{"@type":"ListItem","position":2,"name":"Luz UV: que doen\u00e7as podem surgir desta luz?"}]},{"@type":"Person","@id":"https:\/\/www.oculio.com\/portugal\/#\/schema\/person\/840b5496b7335837fbc4208b3bcd5b3a","name":"Andr\u00e9 Oliveira","image":{"@type":"ImageObject","@id":"https:\/\/www.oculio.com\/portugal\/#personlogo","inLanguage":"pt-PT","url":"https:\/\/secure.gravatar.com\/avatar\/55f6f15c6c871f7cb5a843c4adace35d?s=96&d=mm&r=g","contentUrl":"https:\/\/secure.gravatar.com\/avatar\/55f6f15c6c871f7cb5a843c4adace35d?s=96&d=mm&r=g","caption":"Andr\u00e9 Oliveira"},"sameAs":["https:\/\/www.sixfoldstudio.com\/"],"url":"https:\/\/www.oculio.com\/portugal\/author\/andrefcoliveira\/"}]}},"_links":{"self":[{"href":"https:\/\/www.oculio.com\/portugal\/wp-json\/wp\/v2\/posts\/4600"}],"collection":[{"href":"https:\/\/www.oculio.com\/portugal\/wp-json\/wp\/v2\/posts"}],"about":[{"href":"https:\/\/www.oculio.com\/portugal\/wp-json\/wp\/v2\/types\/post"}],"author":[{"embeddable":true,"href":"https:\/\/www.oculio.com\/portugal\/wp-json\/wp\/v2\/users\/1"}],"replies":[{"embeddable":true,"href":"https:\/\/www.oculio.com\/portugal\/wp-json\/wp\/v2\/comments?post=4600"}],"version-history":[{"count":3,"href":"https:\/\/www.oculio.com\/portugal\/wp-json\/wp\/v2\/posts\/4600\/revisions"}],"predecessor-version":[{"id":5801,"href":"https:\/\/www.oculio.com\/portugal\/wp-json\/wp\/v2\/posts\/4600\/revisions\/5801"}],"wp:featuredmedia":[{"embeddable":true,"href":"https:\/\/www.oculio.com\/portugal\/wp-json\/wp\/v2\/media\/4601"}],"wp:attachment":[{"href":"https:\/\/www.oculio.com\/portugal\/wp-json\/wp\/v2\/media?parent=4600"}],"wp:term":[{"taxonomy":"category","embeddable":true,"href":"https:\/\/www.oculio.com\/portugal\/wp-json\/wp\/v2\/categories?post=4600"},{"taxonomy":"post_tag","embeddable":true,"href":"https:\/\/www.oculio.com\/portugal\/wp-json\/wp\/v2\/tags?post=4600"}],"curies":[{"name":"wp","href":"https:\/\/api.w.org\/{rel}","templated":true}]}}