{"id":4510,"date":"2019-08-09T13:29:33","date_gmt":"2019-08-09T13:29:33","guid":{"rendered":"https:\/\/oculio.com\/portugal\/?p=4510"},"modified":"2020-11-25T20:22:37","modified_gmt":"2020-11-25T19:22:37","slug":"porque-devemos-usar-lentes-polarizadas","status":"publish","type":"post","link":"https:\/\/www.oculio.com\/portugal\/porque-devemos-usar-lentes-polarizadas\/","title":{"rendered":"Lentes polarizadas. Porque as devemos usar ?"},"content":{"rendered":"<p>As lentes polarizadas t\u00eam como principal objectivo diminuir o impacto da luz e dos reflexos nos olhos.<\/p>\n<p><a href=\"https:\/\/www.multiopticas.pt\/blog\/cuidados-visuais\/2018\/a-importancia-das-lentes-polarizadas\">Estas lentes aumentam o contraste e eliminam reflexos prejudiciais<\/a>, oferecendo a m\u00e1xima protec\u00e7\u00e3o contra os raios UV, com as lentes polarizadas, as imagens ficam mais n\u00edtidas e existe um conforto visual \u00e9 maior.<\/p>\n<blockquote><p>Os \u00f3culos que t\u00eam lentes polarizadas oferecem 100% de protec\u00e7\u00e3o contras os raios UVB e UVA. Uma das actividades do dia-a-dia em que as lentes t\u00eam um grande impacto \u00e9 sem d\u00favida na condu\u00e7\u00e3o e em ambientes com muito sol como a praia.<\/p><\/blockquote>\n<p>Estas lentes tamb\u00e9m s\u00e3o indicadas tamb\u00e9m para quem tem olhos foto-sens\u00edveis e que precisam de uma protec\u00e7\u00e3o extra, j\u00e1 que o principal objectivo da lente polarizada, \u00e9 proteger intensamente.<\/p>\n<p>Optar pela compra destas lentes \u00e9 importante sobretudo para quem desempenha frequentemente tarefas di\u00e1rias como conduzir, pescar e praticar desportos ao ar livre.<\/p>\n<p>As principais vantagens de adquirir este tipo de lentes:<\/p>\n<ul>\n<li>Leves e confort\u00e1veis;<\/li>\n<li>Maior nitidez das imagens;<\/li>\n<li>Protec\u00e7\u00e3o UVA e UVB;<\/li>\n<li>Protec\u00e7\u00e3o dos reflexos solares;<\/li>\n<li>Diminui\u00e7\u00e3o da luminosidade;<\/li>\n<li>Oferecem excelente custo-benef\u00edcio.<\/li>\n<\/ul>\n<p><a href=\"https:\/\/www.oculio.com\/portugal\/\">Por isso, quando estiver na d\u00favida entre que lentes deve comprar<\/a>, opte sempre por umas lentes polarizadas, porque os seus olhos devem ser protegidos a 100%.<\/p>\n","protected":false},"excerpt":{"rendered":"<p>As lentes polarizadas t\u00eam como principal objectivo diminuir o impacto da luz e dos reflexos nos olhos. Estas lentes aumentam o contraste e eliminam reflexos prejudiciais, oferecendo a m\u00e1xima protec\u00e7\u00e3o contra os raios UV, com as lentes polarizadas, as imagens ficam mais n\u00edtidas e existe um conforto visual \u00e9 maior. Os \u00f3culos que t\u00eam lentes [&hellip;]<\/p>\n","protected":false},"author":1,"featured_media":4511,"comment_status":"open","ping_status":"open","sticky":false,"template":"","format":"standard","meta":{"inline_featured_image":false,"_monsterinsights_skip_tracking":false,"_monsterinsights_sitenote_active":false,"_monsterinsights_sitenote_note":"","_monsterinsights_sitenote_category":0},"categories":[159],"tags":[173,167],"yoast_head":"<!-- This site is optimized with the Yoast SEO plugin v18.0 - https:\/\/yoast.com\/wordpress\/plugins\/seo\/ -->\n<title>Lentes polarizadas. Porque as devemos usar ? - Oculio<\/title>\n<meta name=\"description\" content=\"As lentes polarizadas aumentam o contraste e eliminam reflexos prejudiciais, oferecendo a m\u00e1xima protec\u00e7\u00e3o contra os raios UV.\" \/>\n<meta name=\"robots\" content=\"index, follow, max-snippet:-1, max-image-preview:large, max-video-preview:-1\" \/>\n<link rel=\"canonical\" href=\"https:\/\/www.oculio.com\/portugal\/porque-devemos-usar-lentes-polarizadas\/\" \/>\n<meta property=\"og:locale\" content=\"pt_PT\" \/>\n<meta property=\"og:type\" content=\"article\" \/>\n<meta property=\"og:title\" content=\"Lentes polarizadas. Porque as devemos usar ? - Oculio\" \/>\n<meta property=\"og:description\" content=\"As lentes polarizadas aumentam o contraste e eliminam reflexos prejudiciais, oferecendo a m\u00e1xima protec\u00e7\u00e3o contra os raios UV.\" \/>\n<meta property=\"og:url\" content=\"https:\/\/www.oculio.com\/portugal\/porque-devemos-usar-lentes-polarizadas\/\" \/>\n<meta property=\"og:site_name\" content=\"Oculio\" \/>\n<meta property=\"article:publisher\" content=\"https:\/\/www.facebook.com\/oculio\" \/>\n<meta property=\"article:published_time\" content=\"2019-08-09T13:29:33+00:00\" \/>\n<meta property=\"article:modified_time\" content=\"2020-11-25T19:22:37+00:00\" \/>\n<meta property=\"og:image\" content=\"https:\/\/www.oculio.com\/portugal\/wp-content\/uploads\/2019\/08\/blog-54.jpg\" \/>\n\t<meta property=\"og:image:width\" content=\"1024\" \/>\n\t<meta property=\"og:image:height\" content=\"682\" \/>\n\t<meta property=\"og:image:type\" content=\"image\/jpeg\" \/>\n<meta name=\"twitter:card\" content=\"summary_large_image\" \/>\n<meta name=\"twitter:label1\" content=\"Escrito por\" \/>\n\t<meta name=\"twitter:data1\" content=\"Andr\u00e9 Oliveira\" \/>\n\t<meta name=\"twitter:label2\" content=\"Tempo estimado de leitura\" \/>\n\t<meta name=\"twitter:data2\" content=\"1 minuto\" \/>\n<script type=\"application\/ld+json\" class=\"yoast-schema-graph\">{\"@context\":\"https:\/\/schema.org\",\"@graph\":[{\"@type\":\"WebSite\",\"@id\":\"https:\/\/www.oculio.com\/portugal\/#website\",\"url\":\"https:\/\/www.oculio.com\/portugal\/\",\"name\":\"Oculio\",\"description\":\"Encontre um \u00f3tico perto de si\",\"potentialAction\":[{\"@type\":\"SearchAction\",\"target\":{\"@type\":\"EntryPoint\",\"urlTemplate\":\"https:\/\/www.oculio.com\/portugal\/?s={search_term_string}\"},\"query-input\":\"required name=search_term_string\"}],\"inLanguage\":\"pt-PT\"},{\"@type\":\"ImageObject\",\"@id\":\"https:\/\/www.oculio.com\/portugal\/porque-devemos-usar-lentes-polarizadas\/#primaryimage\",\"inLanguage\":\"pt-PT\",\"url\":\"https:\/\/www.oculio.com\/portugal\/wp-content\/uploads\/2019\/08\/blog-54.jpg\",\"contentUrl\":\"https:\/\/www.oculio.com\/portugal\/wp-content\/uploads\/2019\/08\/blog-54.jpg\",\"width\":1024,\"height\":682},{\"@type\":\"WebPage\",\"@id\":\"https:\/\/www.oculio.com\/portugal\/porque-devemos-usar-lentes-polarizadas\/#webpage\",\"url\":\"https:\/\/www.oculio.com\/portugal\/porque-devemos-usar-lentes-polarizadas\/\",\"name\":\"Lentes polarizadas. Porque as devemos usar ? - Oculio\",\"isPartOf\":{\"@id\":\"https:\/\/www.oculio.com\/portugal\/#website\"},\"primaryImageOfPage\":{\"@id\":\"https:\/\/www.oculio.com\/portugal\/porque-devemos-usar-lentes-polarizadas\/#primaryimage\"},\"datePublished\":\"2019-08-09T13:29:33+00:00\",\"dateModified\":\"2020-11-25T19:22:37+00:00\",\"author\":{\"@id\":\"https:\/\/www.oculio.com\/portugal\/#\/schema\/person\/840b5496b7335837fbc4208b3bcd5b3a\"},\"description\":\"As lentes polarizadas aumentam o contraste e eliminam reflexos prejudiciais, oferecendo a m\u00e1xima protec\u00e7\u00e3o contra os raios UV.\",\"breadcrumb\":{\"@id\":\"https:\/\/www.oculio.com\/portugal\/porque-devemos-usar-lentes-polarizadas\/#breadcrumb\"},\"inLanguage\":\"pt-PT\",\"potentialAction\":[{\"@type\":\"ReadAction\",\"target\":[\"https:\/\/www.oculio.com\/portugal\/porque-devemos-usar-lentes-polarizadas\/\"]}]},{\"@type\":\"BreadcrumbList\",\"@id\":\"https:\/\/www.oculio.com\/portugal\/porque-devemos-usar-lentes-polarizadas\/#breadcrumb\",\"itemListElement\":[{\"@type\":\"ListItem\",\"position\":1,\"name\":\"In\u00edcio\",\"item\":\"https:\/\/www.oculio.com\/portugal\/\"},{\"@type\":\"ListItem\",\"position\":2,\"name\":\"Lentes polarizadas. Porque as devemos usar ?\"}]},{\"@type\":\"Person\",\"@id\":\"https:\/\/www.oculio.com\/portugal\/#\/schema\/person\/840b5496b7335837fbc4208b3bcd5b3a\",\"name\":\"Andr\u00e9 Oliveira\",\"image\":{\"@type\":\"ImageObject\",\"@id\":\"https:\/\/www.oculio.com\/portugal\/#personlogo\",\"inLanguage\":\"pt-PT\",\"url\":\"https:\/\/secure.gravatar.com\/avatar\/55f6f15c6c871f7cb5a843c4adace35d?s=96&d=mm&r=g\",\"contentUrl\":\"https:\/\/secure.gravatar.com\/avatar\/55f6f15c6c871f7cb5a843c4adace35d?s=96&d=mm&r=g\",\"caption\":\"Andr\u00e9 Oliveira\"},\"sameAs\":[\"https:\/\/www.sixfoldstudio.com\/\"],\"url\":\"https:\/\/www.oculio.com\/portugal\/author\/andrefcoliveira\/\"}]}<\/script>\n<!-- \/ Yoast SEO plugin. -->","yoast_head_json":{"title":"Lentes polarizadas. Porque as devemos usar ? - Oculio","description":"As lentes polarizadas aumentam o contraste e eliminam reflexos prejudiciais, oferecendo a m\u00e1xima protec\u00e7\u00e3o contra os raios UV.","robots":{"index":"index","follow":"follow","max-snippet":"max-snippet:-1","max-image-preview":"max-image-preview:large","max-video-preview":"max-video-preview:-1"},"canonical":"https:\/\/www.oculio.com\/portugal\/porque-devemos-usar-lentes-polarizadas\/","og_locale":"pt_PT","og_type":"article","og_title":"Lentes polarizadas. Porque as devemos usar ? - Oculio","og_description":"As lentes polarizadas aumentam o contraste e eliminam reflexos prejudiciais, oferecendo a m\u00e1xima protec\u00e7\u00e3o contra os raios UV.","og_url":"https:\/\/www.oculio.com\/portugal\/porque-devemos-usar-lentes-polarizadas\/","og_site_name":"Oculio","article_publisher":"https:\/\/www.facebook.com\/oculio","article_published_time":"2019-08-09T13:29:33+00:00","article_modified_time":"2020-11-25T19:22:37+00:00","og_image":[{"width":1024,"height":682,"url":"https:\/\/www.oculio.com\/portugal\/wp-content\/uploads\/2019\/08\/blog-54.jpg","type":"image\/jpeg"}],"twitter_card":"summary_large_image","twitter_misc":{"Escrito por":"Andr\u00e9 Oliveira","Tempo estimado de leitura":"1 minuto"},"schema":{"@context":"https:\/\/schema.org","@graph":[{"@type":"WebSite","@id":"https:\/\/www.oculio.com\/portugal\/#website","url":"https:\/\/www.oculio.com\/portugal\/","name":"Oculio","description":"Encontre um \u00f3tico perto de si","potentialAction":[{"@type":"SearchAction","target":{"@type":"EntryPoint","urlTemplate":"https:\/\/www.oculio.com\/portugal\/?s={search_term_string}"},"query-input":"required name=search_term_string"}],"inLanguage":"pt-PT"},{"@type":"ImageObject","@id":"https:\/\/www.oculio.com\/portugal\/porque-devemos-usar-lentes-polarizadas\/#primaryimage","inLanguage":"pt-PT","url":"https:\/\/www.oculio.com\/portugal\/wp-content\/uploads\/2019\/08\/blog-54.jpg","contentUrl":"https:\/\/www.oculio.com\/portugal\/wp-content\/uploads\/2019\/08\/blog-54.jpg","width":1024,"height":682},{"@type":"WebPage","@id":"https:\/\/www.oculio.com\/portugal\/porque-devemos-usar-lentes-polarizadas\/#webpage","url":"https:\/\/www.oculio.com\/portugal\/porque-devemos-usar-lentes-polarizadas\/","name":"Lentes polarizadas. Porque as devemos usar ? - Oculio","isPartOf":{"@id":"https:\/\/www.oculio.com\/portugal\/#website"},"primaryImageOfPage":{"@id":"https:\/\/www.oculio.com\/portugal\/porque-devemos-usar-lentes-polarizadas\/#primaryimage"},"datePublished":"2019-08-09T13:29:33+00:00","dateModified":"2020-11-25T19:22:37+00:00","author":{"@id":"https:\/\/www.oculio.com\/portugal\/#\/schema\/person\/840b5496b7335837fbc4208b3bcd5b3a"},"description":"As lentes polarizadas aumentam o contraste e eliminam reflexos prejudiciais, oferecendo a m\u00e1xima protec\u00e7\u00e3o contra os raios UV.","breadcrumb":{"@id":"https:\/\/www.oculio.com\/portugal\/porque-devemos-usar-lentes-polarizadas\/#breadcrumb"},"inLanguage":"pt-PT","potentialAction":[{"@type":"ReadAction","target":["https:\/\/www.oculio.com\/portugal\/porque-devemos-usar-lentes-polarizadas\/"]}]},{"@type":"BreadcrumbList","@id":"https:\/\/www.oculio.com\/portugal\/porque-devemos-usar-lentes-polarizadas\/#breadcrumb","itemListElement":[{"@type":"ListItem","position":1,"name":"In\u00edcio","item":"https:\/\/www.oculio.com\/portugal\/"},{"@type":"ListItem","position":2,"name":"Lentes polarizadas. Porque as devemos usar ?"}]},{"@type":"Person","@id":"https:\/\/www.oculio.com\/portugal\/#\/schema\/person\/840b5496b7335837fbc4208b3bcd5b3a","name":"Andr\u00e9 Oliveira","image":{"@type":"ImageObject","@id":"https:\/\/www.oculio.com\/portugal\/#personlogo","inLanguage":"pt-PT","url":"https:\/\/secure.gravatar.com\/avatar\/55f6f15c6c871f7cb5a843c4adace35d?s=96&d=mm&r=g","contentUrl":"https:\/\/secure.gravatar.com\/avatar\/55f6f15c6c871f7cb5a843c4adace35d?s=96&d=mm&r=g","caption":"Andr\u00e9 Oliveira"},"sameAs":["https:\/\/www.sixfoldstudio.com\/"],"url":"https:\/\/www.oculio.com\/portugal\/author\/andrefcoliveira\/"}]}},"_links":{"self":[{"href":"https:\/\/www.oculio.com\/portugal\/wp-json\/wp\/v2\/posts\/4510"}],"collection":[{"href":"https:\/\/www.oculio.com\/portugal\/wp-json\/wp\/v2\/posts"}],"about":[{"href":"https:\/\/www.oculio.com\/portugal\/wp-json\/wp\/v2\/types\/post"}],"author":[{"embeddable":true,"href":"https:\/\/www.oculio.com\/portugal\/wp-json\/wp\/v2\/users\/1"}],"replies":[{"embeddable":true,"href":"https:\/\/www.oculio.com\/portugal\/wp-json\/wp\/v2\/comments?post=4510"}],"version-history":[{"count":4,"href":"https:\/\/www.oculio.com\/portugal\/wp-json\/wp\/v2\/posts\/4510\/revisions"}],"predecessor-version":[{"id":5833,"href":"https:\/\/www.oculio.com\/portugal\/wp-json\/wp\/v2\/posts\/4510\/revisions\/5833"}],"wp:featuredmedia":[{"embeddable":true,"href":"https:\/\/www.oculio.com\/portugal\/wp-json\/wp\/v2\/media\/4511"}],"wp:attachment":[{"href":"https:\/\/www.oculio.com\/portugal\/wp-json\/wp\/v2\/media?parent=4510"}],"wp:term":[{"taxonomy":"category","embeddable":true,"href":"https:\/\/www.oculio.com\/portugal\/wp-json\/wp\/v2\/categories?post=4510"},{"taxonomy":"post_tag","embeddable":true,"href":"https:\/\/www.oculio.com\/portugal\/wp-json\/wp\/v2\/tags?post=4510"}],"curies":[{"name":"wp","href":"https:\/\/api.w.org\/{rel}","templated":true}]}}