{"id":5096,"date":"2020-04-02T22:26:42","date_gmt":"2020-04-02T22:26:42","guid":{"rendered":"https:\/\/www.oculio.com\/portugal\/?p=5096"},"modified":"2020-11-25T13:36:09","modified_gmt":"2020-11-25T12:36:09","slug":"covid-19-os-conselhos-dos-oftalmologistas","status":"publish","type":"post","link":"https:\/\/www.oculio.com\/espana\/covid-19-os-conselhos-dos-oftalmologistas\/","title":{"rendered":"COVID-19: os conselhos dos oftalmologistas"},"content":{"rendered":"<p><span style=\"font-weight: 400;\">Os mais recentes relat\u00f3rios m\u00e9dicos revelaram que o contacto com a l\u00e1grima e a superf\u00edcie externa do olho pode ser uma via de cont\u00e1gio de COVID-19.<\/span><\/p>\n<p><span style=\"font-weight: 400;\">Siga os nossos conselhos e proteja-se melhor durante a epidemia de COVID-19.\u00a0<\/span><\/p>\n<p>&nbsp;<\/p>\n<h3><span style=\"font-weight: 400;\">Evitar esfregar os olhos<\/span><\/h3>\n<p><span style=\"font-weight: 400;\">Sabemos que este \u00e9 um h\u00e1bito natural mas deve ser contrariado. Deve ter consci\u00eancia que ao evit\u00e1-lo estamos a proteger a c\u00f3rnea e a diminuir o risco de infe\u00e7\u00e3o.<\/span><\/p>\n<ul>\n<li><span style=\"font-weight: 400;\"> Se sentir vontade de esfregar ou mexer nos olhos, ou de ajustar os \u00f3culos, use um len\u00e7o de papel em vez dos dedos.<\/span><\/li>\n<li><span style=\"font-weight: 400;\">No caso de possuir os olhos secos, use as suas gotas hidratantes.<\/span><\/li>\n<\/ul>\n<p>&nbsp;<\/p>\n<h3><span style=\"font-weight: 400;\">Se usa lentes de contacto, prefira \u00f3culos durante este per\u00edodo<\/span><\/h3>\n<ul>\n<li><span style=\"font-weight: 400;\"> Os utilizadores de lentes de contacto mexem nos olhos mais vezes do que as outras pessoas, aumentando a probabilidade de cont\u00e1gio.<\/span><\/li>\n<li><span style=\"font-weight: 400;\">Optar por substituir as lentes pelos \u00f3culos pode reduzir a irrita\u00e7\u00e3o que leva a mexer nos olhos e, tamb\u00e9m, obrigar a pensar e parar antes de tocar nos olhos.<\/span><\/li>\n<li><span style=\"font-weight: 400;\"> Caso decida manter as lentes de contacto, \u00e9 fundamental seguir as normas de higiene minuciosamente para minimizar o risco de infe\u00e7\u00e3o.<\/span><\/li>\n<\/ul>\n<p>&nbsp;<\/p>\n<h3><span style=\"font-weight: 400;\">Os \u00f3culos oferecem um n\u00edvel adicional de prote\u00e7\u00e3o<\/span><\/h3>\n<p><span style=\"font-weight: 400;\">Os \u00f3culos de corre\u00e7\u00e3o ou os \u00f3culos de sol protegem os olhos de got\u00edculas respirat\u00f3rias infetadas. No entanto, n\u00e3o oferecem uma seguran\u00e7a de 100%. Os v\u00edrus ainda podem atingir a superf\u00edcie dos olhos atrav\u00e9s das regi\u00f5es expostas, laterais, superior e inferior.<\/span><\/p>\n<ul>\n<li><span style=\"font-weight: 400;\"> Se estiver a prestar cuidados a um doente ou a uma pessoa suspeita de infe\u00e7\u00e3o, opte pela utiliza\u00e7\u00e3o de \u00f3culos de prote\u00e7\u00e3o uma vez que oferecem uma defesa mais eficaz.<\/span><\/li>\n<\/ul>\n<p>&nbsp;<\/p>\n<h3><span style=\"font-weight: 400;\">Tenha consigo os col\u00edrios oft\u00e1lmicos que lhe foram prescritos<\/span><\/h3>\n<p><span style=\"font-weight: 400;\">Se usa col\u00edrios por prescri\u00e7\u00e3o m\u00e9dica, assegure-se que tem medica\u00e7\u00e3o de reserva para 2-3 meses. Isto \u00e9 sobretudo importante no caso dos doentes com glaucoma.<\/span><\/p>\n<p><span style=\"font-weight: 400;\">No caso de n\u00e3o ter consigo col\u00edrios em reserva e precisar de uma prescri\u00e7\u00e3o, contacte o seu oftalmologista ou m\u00e9dico de fam\u00edlia para que este lhe envie a prescri\u00e7\u00e3o para os poder adquirir.<\/span><\/p>\n<ul>\n<li><span style=\"font-weight: 400;\"> Tenha os seus col\u00edrios sempre consigo.<\/span><\/li>\n<li><span style=\"font-weight: 400;\"> Aplique os seus col\u00edrios de acordo com as recomenda\u00e7\u00f5es do seu oftalmologista.<\/span><\/li>\n<\/ul>\n<p>&nbsp;<\/p>\n<h3><span style=\"font-weight: 400;\">Cuidados especiais ao aplicar col\u00edrios<\/span><\/h3>\n<p><span style=\"font-weight: 400;\">Se tem de aplicar col\u00edrios, a si ou a uma pessoa a quem presta cuidados, tenha em aten\u00e7\u00e3o:<\/span><\/p>\n<ul>\n<li><span style=\"font-weight: 400;\"> A higiene das m\u00e3os, antes e depois da aplica\u00e7\u00e3o.<\/span><\/li>\n<li><span style=\"font-weight: 400;\"> As m\u00e3os devem ser lavadas com \u00e1gua e sab\u00e3o durante pelo menos 20 segundos.<\/span><\/li>\n<\/ul>\n<p><span style=\"font-weight: 400;\">\u00c9 importante tamb\u00e9m armazenar os col\u00edrios num local limpo e de acordo com as instru\u00e7\u00f5es de conserva\u00e7\u00e3o indicadas no folheto informativo.<\/span><\/p>\n<p>&nbsp;<\/p>\n<p><span style=\"font-weight: 400;\">Estes conselhos sobre COVID-19 foram b<\/span><span style=\"font-weight: 400;\">aseados nas recomenda\u00e7\u00f5es da <em>American Academy of Ophtalmology<\/em>.<\/span><\/p>\n","protected":false},"excerpt":{"rendered":"<p>Os mais recentes relat\u00f3rios m\u00e9dicos revelaram que o contacto com a l\u00e1grima e a superf\u00edcie externa do olho pode ser uma via de cont\u00e1gio de COVID-19. Siga os nossos conselhos e proteja-se melhor durante a epidemia de COVID-19.\u00a0 &nbsp; Evitar esfregar os olhos Sabemos que este \u00e9 um h\u00e1bito natural mas deve ser contrariado. Deve [&hellip;]<\/p>\n","protected":false},"author":1,"featured_media":5097,"comment_status":"open","ping_status":"open","sticky":false,"template":"","format":"standard","meta":{"_monsterinsights_skip_tracking":false,"_monsterinsights_sitenote_active":false,"_monsterinsights_sitenote_note":"","_monsterinsights_sitenote_category":0},"categories":[159],"tags":[256],"yoast_head":"<!-- This site is optimized with the Yoast SEO plugin v16.3 - https:\/\/yoast.com\/wordpress\/plugins\/seo\/ -->\n<title>COVID-19: os conselhos dos oftalmologistas - Oculio<\/title>\n<meta name=\"description\" content=\"Os mais recentes relat\u00f3rios m\u00e9dicos revelaram que o contacto com a l\u00e1grima e a superf\u00edcie externa do olho pode ser uma via de cont\u00e1gio de COVID-19.\" \/>\n<meta name=\"robots\" content=\"index, follow, max-snippet:-1, max-image-preview:large, max-video-preview:-1\" \/>\n<link rel=\"canonical\" href=\"https:\/\/www.oculio.com\/espana\/covid-19-os-conselhos-dos-oftalmologistas\/\" \/>\n<meta property=\"og:locale\" content=\"es_ES\" \/>\n<meta property=\"og:type\" content=\"article\" \/>\n<meta property=\"og:title\" content=\"COVID-19: os conselhos dos oftalmologistas - Oculio\" \/>\n<meta property=\"og:description\" content=\"Os mais recentes relat\u00f3rios m\u00e9dicos revelaram que o contacto com a l\u00e1grima e a superf\u00edcie externa do olho pode ser uma via de cont\u00e1gio de COVID-19.\" \/>\n<meta property=\"og:url\" content=\"https:\/\/www.oculio.com\/espana\/covid-19-os-conselhos-dos-oftalmologistas\/\" \/>\n<meta property=\"og:site_name\" content=\"Oculio\" \/>\n<meta property=\"article:publisher\" content=\"https:\/\/www.facebook.com\/oculio\" \/>\n<meta property=\"article:published_time\" content=\"2020-04-02T22:26:42+00:00\" \/>\n<meta property=\"article:modified_time\" content=\"2020-11-25T12:36:09+00:00\" \/>\n<meta property=\"og:image\" content=\"https:\/\/www.oculio.com\/portugal\/wp-content\/uploads\/2020\/04\/blog-covid19.jpg\" \/>\n\t<meta property=\"og:image:width\" content=\"1024\" \/>\n\t<meta property=\"og:image:height\" content=\"682\" \/>\n<meta name=\"twitter:card\" content=\"summary_large_image\" \/>\n<meta name=\"twitter:label1\" content=\"Tiempo de lectura\">\n\t<meta name=\"twitter:data1\" content=\"2 minutos\">\n<script type=\"application\/ld+json\" class=\"yoast-schema-graph\">{\"@context\":\"https:\/\/schema.org\",\"@graph\":[{\"@type\":\"WebSite\",\"@id\":\"https:\/\/www.oculio.com\/espana\/#website\",\"url\":\"https:\/\/www.oculio.com\/espana\/\",\"name\":\"Oculio\",\"description\":\"Encuentra la \\u00f3ptica adecuada para tu perfil, siempre con garant\\u00eda de calidad.\",\"potentialAction\":[{\"@type\":\"SearchAction\",\"target\":\"https:\/\/www.oculio.com\/espana\/?s={search_term_string}\",\"query-input\":\"required name=search_term_string\"}],\"inLanguage\":\"es\"},{\"@type\":\"ImageObject\",\"@id\":\"https:\/\/www.oculio.com\/espana\/covid-19-os-conselhos-dos-oftalmologistas\/#primaryimage\",\"inLanguage\":\"es\",\"url\":\"https:\/\/www.oculio.com\/espana\/wp-content\/uploads\/2020\/04\/blog-covid19.jpg\",\"contentUrl\":\"https:\/\/www.oculio.com\/espana\/wp-content\/uploads\/2020\/04\/blog-covid19.jpg\",\"width\":1024,\"height\":682,\"caption\":\"COVID-19: os conselhos dos oftalmologistas\"},{\"@type\":\"WebPage\",\"@id\":\"https:\/\/www.oculio.com\/espana\/covid-19-os-conselhos-dos-oftalmologistas\/#webpage\",\"url\":\"https:\/\/www.oculio.com\/espana\/covid-19-os-conselhos-dos-oftalmologistas\/\",\"name\":\"COVID-19: os conselhos dos oftalmologistas - Oculio\",\"isPartOf\":{\"@id\":\"https:\/\/www.oculio.com\/espana\/#website\"},\"primaryImageOfPage\":{\"@id\":\"https:\/\/www.oculio.com\/espana\/covid-19-os-conselhos-dos-oftalmologistas\/#primaryimage\"},\"datePublished\":\"2020-04-02T22:26:42+00:00\",\"dateModified\":\"2020-11-25T12:36:09+00:00\",\"author\":{\"@id\":\"https:\/\/www.oculio.com\/espana\/#\/schema\/person\/840b5496b7335837fbc4208b3bcd5b3a\"},\"description\":\"Os mais recentes relat\\u00f3rios m\\u00e9dicos revelaram que o contacto com a l\\u00e1grima e a superf\\u00edcie externa do olho pode ser uma via de cont\\u00e1gio de COVID-19.\",\"breadcrumb\":{\"@id\":\"https:\/\/www.oculio.com\/espana\/covid-19-os-conselhos-dos-oftalmologistas\/#breadcrumb\"},\"inLanguage\":\"es\",\"potentialAction\":[{\"@type\":\"ReadAction\",\"target\":[\"https:\/\/www.oculio.com\/espana\/covid-19-os-conselhos-dos-oftalmologistas\/\"]}]},{\"@type\":\"BreadcrumbList\",\"@id\":\"https:\/\/www.oculio.com\/espana\/covid-19-os-conselhos-dos-oftalmologistas\/#breadcrumb\",\"itemListElement\":[{\"@type\":\"ListItem\",\"position\":1,\"item\":{\"@type\":\"WebPage\",\"@id\":\"https:\/\/www.oculio.com\/espana\/\",\"url\":\"https:\/\/www.oculio.com\/espana\/\",\"name\":\"In\\u00edcio\"}},{\"@type\":\"ListItem\",\"position\":2,\"item\":{\"@id\":\"https:\/\/www.oculio.com\/espana\/covid-19-os-conselhos-dos-oftalmologistas\/#webpage\"}}]},{\"@type\":\"Person\",\"@id\":\"https:\/\/www.oculio.com\/espana\/#\/schema\/person\/840b5496b7335837fbc4208b3bcd5b3a\",\"name\":\"Andr\\u00e9 Oliveira\",\"image\":{\"@type\":\"ImageObject\",\"@id\":\"https:\/\/www.oculio.com\/espana\/#personlogo\",\"inLanguage\":\"es\",\"url\":\"https:\/\/secure.gravatar.com\/avatar\/955afa975d806b8bd830207a09eef530?s=96&d=mm&r=g\",\"contentUrl\":\"https:\/\/secure.gravatar.com\/avatar\/955afa975d806b8bd830207a09eef530?s=96&d=mm&r=g\",\"caption\":\"Andr\\u00e9 Oliveira\"},\"sameAs\":[\"https:\/\/www.peepsagency.com\/\"],\"url\":\"https:\/\/www.oculio.com\/espana\/author\/andrefcoliveira\/\"}]}<\/script>\n<!-- \/ Yoast SEO plugin. -->","_links":{"self":[{"href":"https:\/\/www.oculio.com\/espana\/wp-json\/wp\/v2\/posts\/5096"}],"collection":[{"href":"https:\/\/www.oculio.com\/espana\/wp-json\/wp\/v2\/posts"}],"about":[{"href":"https:\/\/www.oculio.com\/espana\/wp-json\/wp\/v2\/types\/post"}],"author":[{"embeddable":true,"href":"https:\/\/www.oculio.com\/espana\/wp-json\/wp\/v2\/users\/1"}],"replies":[{"embeddable":true,"href":"https:\/\/www.oculio.com\/espana\/wp-json\/wp\/v2\/comments?post=5096"}],"version-history":[{"count":4,"href":"https:\/\/www.oculio.com\/espana\/wp-json\/wp\/v2\/posts\/5096\/revisions"}],"predecessor-version":[{"id":5749,"href":"https:\/\/www.oculio.com\/espana\/wp-json\/wp\/v2\/posts\/5096\/revisions\/5749"}],"wp:featuredmedia":[{"embeddable":true,"href":"https:\/\/www.oculio.com\/espana\/wp-json\/wp\/v2\/media\/5097"}],"wp:attachment":[{"href":"https:\/\/www.oculio.com\/espana\/wp-json\/wp\/v2\/media?parent=5096"}],"wp:term":[{"taxonomy":"category","embeddable":true,"href":"https:\/\/www.oculio.com\/espana\/wp-json\/wp\/v2\/categories?post=5096"},{"taxonomy":"post_tag","embeddable":true,"href":"https:\/\/www.oculio.com\/espana\/wp-json\/wp\/v2\/tags?post=5096"}],"curies":[{"name":"wp","href":"https:\/\/api.w.org\/{rel}","templated":true}]}}