{"id":4690,"date":"2019-08-12T15:37:58","date_gmt":"2019-08-12T15:37:58","guid":{"rendered":"https:\/\/oculio.com\/portugal\/?p=4690"},"modified":"2020-11-25T13:43:17","modified_gmt":"2020-11-25T12:43:17","slug":"as-olheiras-podem-revelar-muito-sobre-a-sua-saude","status":"publish","type":"post","link":"https:\/\/www.oculio.com\/espana\/as-olheiras-podem-revelar-muito-sobre-a-sua-saude\/","title":{"rendered":"As olheiras podem revelar muito sobre a sua sa\u00fade"},"content":{"rendered":"<p>H\u00e1 quem diga que os olhos s\u00e3o o espelho da alma. A verdade \u00e9 que os nossos olhos dizem muito de como nos sentimos, como estamos e at\u00e9 de poss\u00edveis patologias que possam existir. E as olheiras ?<\/p>\n<p>A maior parte das pessoas tem: mais ou menos escuras, maiores ou menores.<\/p>\n<p>As olheiras s\u00e3o t\u00e3o importantes esteticamente que existem mil e um truques para as reduzir ou mesmo para as eliminar totalmente.<\/p>\n<p>A falta de sono \u00e9 apontada como a principal raz\u00e3o do aparecimento de olheiras, mas existem outros fatores como hereditariedade, o stress e at\u00e9 outros problemas mais graves de sa\u00fade.<\/p>\n<p>Pode ser um sintoma de que a tir\u00f3ide est\u00e1 a produzir hormonas que atacam os m\u00fasculos e os tecidos dentro da \u00f3rbita ocular.<\/p>\n<p>A falta de nutrientes no corpo pode contribuir para a descolora\u00e7\u00e3o da \u00e1rea abaixo do olho, ou seja, a falta de minerais de ferro pode causar olheiras.<\/p>\n<p>A defici\u00eancia de ferro \u00e9 o tipo mais comum de anemia e esta condi\u00e7\u00e3o \u00e9 um sinal de que n\u00e3o est\u00e1 a chegar oxig\u00e9nio suficiente nos tecidos do corpo.<\/p>\n<p>Outra causa comum das olheiras \u00e9 a intoler\u00e2ncia alimentar, especialmente ao trigo, intoler\u00e2ncia ao gl\u00faten, ou ao leite, a intoler\u00e2ncia \u00e0 lactose.<\/p>\n<p><a href=\"https:\/\/www.oculio.com\/portugal\/\">N\u00e3o se esque\u00e7a de fazer todos os exames de diagn\u00f3stico regularmente<\/a>, caso ache que as suas olheiras podem ser o algo mais do que apenas cansa\u00e7o do dia-a-dia.<\/p>\n","protected":false},"excerpt":{"rendered":"<p>H\u00e1 quem diga que os olhos s\u00e3o o espelho da alma. A verdade \u00e9 que os nossos olhos dizem muito de como nos sentimos, como estamos e at\u00e9 de poss\u00edveis patologias que possam existir. E as olheiras ? A maior parte das pessoas tem: mais ou menos escuras, maiores ou menores. As olheiras s\u00e3o t\u00e3o [&hellip;]<\/p>\n","protected":false},"author":1,"featured_media":4691,"comment_status":"open","ping_status":"open","sticky":false,"template":"","format":"standard","meta":{"_monsterinsights_skip_tracking":false,"_monsterinsights_sitenote_active":false,"_monsterinsights_sitenote_note":"","_monsterinsights_sitenote_category":0},"categories":[157],"tags":[247],"yoast_head":"<!-- This site is optimized with the Yoast SEO plugin v16.3 - https:\/\/yoast.com\/wordpress\/plugins\/seo\/ -->\n<title>As Olheiras podem revelar muito da sua sa\u00fade sabia?<\/title>\n<meta name=\"description\" content=\"As Olheiras nao s\u00f3 nos deixam com um aspeto mais abatido como podem ter um sentido muito prejudicial para a nossa sa\u00fade. Encontre as respostas que procura.\" \/>\n<meta name=\"robots\" content=\"index, follow, max-snippet:-1, max-image-preview:large, max-video-preview:-1\" \/>\n<link rel=\"canonical\" href=\"https:\/\/www.oculio.com\/espana\/as-olheiras-podem-revelar-muito-sobre-a-sua-saude\/\" \/>\n<meta property=\"og:locale\" content=\"es_ES\" \/>\n<meta property=\"og:type\" content=\"article\" \/>\n<meta property=\"og:title\" content=\"As Olheiras podem revelar muito da sua sa\u00fade sabia?\" \/>\n<meta property=\"og:description\" content=\"As Olheiras nao s\u00f3 nos deixam com um aspeto mais abatido como podem ter um sentido muito prejudicial para a nossa sa\u00fade. Encontre as respostas que procura.\" \/>\n<meta property=\"og:url\" content=\"https:\/\/www.oculio.com\/espana\/as-olheiras-podem-revelar-muito-sobre-a-sua-saude\/\" \/>\n<meta property=\"og:site_name\" content=\"Oculio\" \/>\n<meta property=\"article:publisher\" content=\"https:\/\/www.facebook.com\/oculio\" \/>\n<meta property=\"article:published_time\" content=\"2019-08-12T15:37:58+00:00\" \/>\n<meta property=\"article:modified_time\" content=\"2020-11-25T12:43:17+00:00\" \/>\n<meta property=\"og:image\" content=\"https:\/\/www.oculio.com\/portugal\/wp-content\/uploads\/2019\/08\/blog-53.jpg\" \/>\n\t<meta property=\"og:image:width\" content=\"1024\" \/>\n\t<meta property=\"og:image:height\" content=\"682\" \/>\n<meta name=\"twitter:card\" content=\"summary_large_image\" \/>\n<meta name=\"twitter:label1\" content=\"Tiempo de lectura\">\n\t<meta name=\"twitter:data1\" content=\"1 minuto\">\n<script type=\"application\/ld+json\" class=\"yoast-schema-graph\">{\"@context\":\"https:\/\/schema.org\",\"@graph\":[{\"@type\":\"WebSite\",\"@id\":\"https:\/\/www.oculio.com\/espana\/#website\",\"url\":\"https:\/\/www.oculio.com\/espana\/\",\"name\":\"Oculio\",\"description\":\"Encuentra la \\u00f3ptica adecuada para tu perfil, siempre con garant\\u00eda de calidad.\",\"potentialAction\":[{\"@type\":\"SearchAction\",\"target\":\"https:\/\/www.oculio.com\/espana\/?s={search_term_string}\",\"query-input\":\"required name=search_term_string\"}],\"inLanguage\":\"es\"},{\"@type\":\"ImageObject\",\"@id\":\"https:\/\/www.oculio.com\/espana\/as-olheiras-podem-revelar-muito-sobre-a-sua-saude\/#primaryimage\",\"inLanguage\":\"es\",\"url\":\"https:\/\/www.oculio.com\/espana\/wp-content\/uploads\/2019\/08\/blog-53.jpg\",\"contentUrl\":\"https:\/\/www.oculio.com\/espana\/wp-content\/uploads\/2019\/08\/blog-53.jpg\",\"width\":1024,\"height\":682},{\"@type\":\"WebPage\",\"@id\":\"https:\/\/www.oculio.com\/espana\/as-olheiras-podem-revelar-muito-sobre-a-sua-saude\/#webpage\",\"url\":\"https:\/\/www.oculio.com\/espana\/as-olheiras-podem-revelar-muito-sobre-a-sua-saude\/\",\"name\":\"As Olheiras podem revelar muito da sua sa\\u00fade sabia?\",\"isPartOf\":{\"@id\":\"https:\/\/www.oculio.com\/espana\/#website\"},\"primaryImageOfPage\":{\"@id\":\"https:\/\/www.oculio.com\/espana\/as-olheiras-podem-revelar-muito-sobre-a-sua-saude\/#primaryimage\"},\"datePublished\":\"2019-08-12T15:37:58+00:00\",\"dateModified\":\"2020-11-25T12:43:17+00:00\",\"author\":{\"@id\":\"https:\/\/www.oculio.com\/espana\/#\/schema\/person\/840b5496b7335837fbc4208b3bcd5b3a\"},\"description\":\"As Olheiras nao s\\u00f3 nos deixam com um aspeto mais abatido como podem ter um sentido muito prejudicial para a nossa sa\\u00fade. Encontre as respostas que procura.\",\"breadcrumb\":{\"@id\":\"https:\/\/www.oculio.com\/espana\/as-olheiras-podem-revelar-muito-sobre-a-sua-saude\/#breadcrumb\"},\"inLanguage\":\"es\",\"potentialAction\":[{\"@type\":\"ReadAction\",\"target\":[\"https:\/\/www.oculio.com\/espana\/as-olheiras-podem-revelar-muito-sobre-a-sua-saude\/\"]}]},{\"@type\":\"BreadcrumbList\",\"@id\":\"https:\/\/www.oculio.com\/espana\/as-olheiras-podem-revelar-muito-sobre-a-sua-saude\/#breadcrumb\",\"itemListElement\":[{\"@type\":\"ListItem\",\"position\":1,\"item\":{\"@type\":\"WebPage\",\"@id\":\"https:\/\/www.oculio.com\/espana\/\",\"url\":\"https:\/\/www.oculio.com\/espana\/\",\"name\":\"In\\u00edcio\"}},{\"@type\":\"ListItem\",\"position\":2,\"item\":{\"@id\":\"https:\/\/www.oculio.com\/espana\/as-olheiras-podem-revelar-muito-sobre-a-sua-saude\/#webpage\"}}]},{\"@type\":\"Person\",\"@id\":\"https:\/\/www.oculio.com\/espana\/#\/schema\/person\/840b5496b7335837fbc4208b3bcd5b3a\",\"name\":\"Andr\\u00e9 Oliveira\",\"image\":{\"@type\":\"ImageObject\",\"@id\":\"https:\/\/www.oculio.com\/espana\/#personlogo\",\"inLanguage\":\"es\",\"url\":\"https:\/\/secure.gravatar.com\/avatar\/955afa975d806b8bd830207a09eef530?s=96&d=mm&r=g\",\"contentUrl\":\"https:\/\/secure.gravatar.com\/avatar\/955afa975d806b8bd830207a09eef530?s=96&d=mm&r=g\",\"caption\":\"Andr\\u00e9 Oliveira\"},\"sameAs\":[\"https:\/\/www.peepsagency.com\/\"],\"url\":\"https:\/\/www.oculio.com\/espana\/author\/andrefcoliveira\/\"}]}<\/script>\n<!-- \/ Yoast SEO plugin. -->","_links":{"self":[{"href":"https:\/\/www.oculio.com\/espana\/wp-json\/wp\/v2\/posts\/4690"}],"collection":[{"href":"https:\/\/www.oculio.com\/espana\/wp-json\/wp\/v2\/posts"}],"about":[{"href":"https:\/\/www.oculio.com\/espana\/wp-json\/wp\/v2\/types\/post"}],"author":[{"embeddable":true,"href":"https:\/\/www.oculio.com\/espana\/wp-json\/wp\/v2\/users\/1"}],"replies":[{"embeddable":true,"href":"https:\/\/www.oculio.com\/espana\/wp-json\/wp\/v2\/comments?post=4690"}],"version-history":[{"count":3,"href":"https:\/\/www.oculio.com\/espana\/wp-json\/wp\/v2\/posts\/4690\/revisions"}],"predecessor-version":[{"id":5751,"href":"https:\/\/www.oculio.com\/espana\/wp-json\/wp\/v2\/posts\/4690\/revisions\/5751"}],"wp:featuredmedia":[{"embeddable":true,"href":"https:\/\/www.oculio.com\/espana\/wp-json\/wp\/v2\/media\/4691"}],"wp:attachment":[{"href":"https:\/\/www.oculio.com\/espana\/wp-json\/wp\/v2\/media?parent=4690"}],"wp:term":[{"taxonomy":"category","embeddable":true,"href":"https:\/\/www.oculio.com\/espana\/wp-json\/wp\/v2\/categories?post=4690"},{"taxonomy":"post_tag","embeddable":true,"href":"https:\/\/www.oculio.com\/espana\/wp-json\/wp\/v2\/tags?post=4690"}],"curies":[{"name":"wp","href":"https:\/\/api.w.org\/{rel}","templated":true}]}}