{"id":4684,"date":"2019-08-12T15:35:31","date_gmt":"2019-08-12T15:35:31","guid":{"rendered":"https:\/\/oculio.com\/portugal\/?p=4684"},"modified":"2020-11-25T15:13:18","modified_gmt":"2020-11-25T14:13:18","slug":"ja-ouviu-falar-em-ergonomia-visual","status":"publish","type":"post","link":"https:\/\/www.oculio.com\/espana\/ja-ouviu-falar-em-ergonomia-visual\/","title":{"rendered":"J\u00e1 ouviu falar em Ergonomia Visual?"},"content":{"rendered":"<p>Com a <a href=\"https:\/\/saudebemestar.com.pt\/ergonomia-visual\/\">ergonomia visual<\/a>, sabemos que a vis\u00e3o \u00e9 o mais importante dos nossos cinco sentidos. \u00c9 fulcral para a qualidade de vida e ajustada adequa\u00e7\u00e3o a v\u00e1rias situa\u00e7\u00f5es com que nos confrontamos no dia-a-dia.<\/p>\n<p>A perda de sa\u00fade ocular causa inevitavelmente diversos transtornos. <a href=\"https:\/\/www.oculio.com\/portugal\/\">Melhor do que remediar \u00e9 mesmo prevenir.<\/a><\/p>\n<h3><strong>No local de trabalho<\/strong><\/h3>\n<ul>\n<li>Regule o brilho e o contraste do monitor. Assim, torna-o menos \u00abagressivo\u00bb para os seus olhos;<\/li>\n<li>A dist\u00e2ncia entre o monitor e os olhos deve ser de 60cm a 70cm, aproximadamente;<\/li>\n<li>O monitor n\u00e3o deve ficar de frente para locais com muita luminosidade, como por exemplo, uma janela;<\/li>\n<li>Evite \u00abtrabalhar em negativo\u00bb, ou seja, trabalhar num processador de texto com fundo preto e as letras a branco;<\/li>\n<li>Regule sempre o ecr\u00e3 com o m\u00e1ximo de contraste e n\u00e3o de luminosidade.<\/li>\n<\/ul>\n<h3><strong>Em Casa<\/strong><\/h3>\n<ul>\n<li>Deve procurar colocar a televis\u00e3o a uma dist\u00e2ncia adequada em fun\u00e7\u00e3o da sua dimens\u00e3o e manter luz ambiente sem muita intensidade;<\/li>\n<li>\u00c9 conveniente ter uma boa ilumina\u00e7\u00e3o (natural ou artificial) quando estiver a ler ou a fazer alguma tarefa que exija uma minuciosa aten\u00e7\u00e3o e percep\u00e7\u00e3o visual;<\/li>\n<li>Deve descansar os olhos olhando para o infinito por um per\u00edodo m\u00ednimo de\u00a05 a 10\u00a0minutos a cada hora de trabalho em frente ao computador.<\/li>\n<\/ul>\n<h3><strong>Na Rua<\/strong><\/h3>\n<ul>\n<li>Uso de \u00f3culos de sol, com lentes oft\u00e1lmicas com protec\u00e7\u00e3o m\u00ednima de 50% de colora\u00e7\u00e3o e com filtros ultravioleta;<\/li>\n<li>Ao escolher os \u00f3culos preocupe-se em saber se a protec\u00e7\u00e3o dos raios UV se encontra entre os 99 a 100%.<\/li>\n<\/ul>\n<h3><strong>Na Estrada<\/strong><\/h3>\n<ul>\n<li>Em viagem descanse a cada 2 horas seguidas de condu\u00e7\u00e3o.<\/li>\n<\/ul>\n","protected":false},"excerpt":{"rendered":"<p>Com a ergonomia visual, sabemos que a vis\u00e3o \u00e9 o mais importante dos nossos cinco sentidos. \u00c9 fulcral para a qualidade de vida e ajustada adequa\u00e7\u00e3o a v\u00e1rias situa\u00e7\u00f5es com que nos confrontamos no dia-a-dia. A perda de sa\u00fade ocular causa inevitavelmente diversos transtornos. Melhor do que remediar \u00e9 mesmo prevenir. No local de trabalho [&hellip;]<\/p>\n","protected":false},"author":1,"featured_media":4685,"comment_status":"open","ping_status":"open","sticky":false,"template":"","format":"standard","meta":{"_monsterinsights_skip_tracking":false,"_monsterinsights_sitenote_active":false,"_monsterinsights_sitenote_note":"","_monsterinsights_sitenote_category":0},"categories":[157],"tags":[243],"yoast_head":"<!-- This site is optimized with the Yoast SEO plugin v16.3 - https:\/\/yoast.com\/wordpress\/plugins\/seo\/ -->\n<title>Ergonomia Visual j\u00e1 ouviu falar? Descubra - Oculio<\/title>\n<meta name=\"description\" content=\"A Ergonomia visual ainda \u00e9 um termo muito desconhecido no nosso quotidiano mas t\u00eam um impacto fulcrar naquilo que \u00e9 a nossa sa\u00fade visual. Clica para mais..\" \/>\n<meta name=\"robots\" content=\"index, follow, max-snippet:-1, max-image-preview:large, max-video-preview:-1\" \/>\n<link rel=\"canonical\" href=\"https:\/\/www.oculio.com\/espana\/ja-ouviu-falar-em-ergonomia-visual\/\" \/>\n<meta property=\"og:locale\" content=\"es_ES\" \/>\n<meta property=\"og:type\" content=\"article\" \/>\n<meta property=\"og:title\" content=\"Ergonomia Visual j\u00e1 ouviu falar? Descubra - Oculio\" \/>\n<meta property=\"og:description\" content=\"A Ergonomia visual ainda \u00e9 um termo muito desconhecido no nosso quotidiano mas t\u00eam um impacto fulcrar naquilo que \u00e9 a nossa sa\u00fade visual. Clica para mais..\" \/>\n<meta property=\"og:url\" content=\"https:\/\/www.oculio.com\/espana\/ja-ouviu-falar-em-ergonomia-visual\/\" \/>\n<meta property=\"og:site_name\" content=\"Oculio\" \/>\n<meta property=\"article:publisher\" content=\"https:\/\/www.facebook.com\/oculio\" \/>\n<meta property=\"article:published_time\" content=\"2019-08-12T15:35:31+00:00\" \/>\n<meta property=\"article:modified_time\" content=\"2020-11-25T14:13:18+00:00\" \/>\n<meta property=\"og:image\" content=\"https:\/\/www.oculio.com\/portugal\/wp-content\/uploads\/2019\/08\/blog-51.jpg\" \/>\n\t<meta property=\"og:image:width\" content=\"1024\" \/>\n\t<meta property=\"og:image:height\" content=\"682\" \/>\n<meta name=\"twitter:card\" content=\"summary_large_image\" \/>\n<meta name=\"twitter:label1\" content=\"Tiempo de lectura\">\n\t<meta name=\"twitter:data1\" content=\"1 minuto\">\n<script type=\"application\/ld+json\" class=\"yoast-schema-graph\">{\"@context\":\"https:\/\/schema.org\",\"@graph\":[{\"@type\":\"WebSite\",\"@id\":\"https:\/\/www.oculio.com\/espana\/#website\",\"url\":\"https:\/\/www.oculio.com\/espana\/\",\"name\":\"Oculio\",\"description\":\"Encuentra la \\u00f3ptica adecuada para tu perfil, siempre con garant\\u00eda de calidad.\",\"potentialAction\":[{\"@type\":\"SearchAction\",\"target\":\"https:\/\/www.oculio.com\/espana\/?s={search_term_string}\",\"query-input\":\"required name=search_term_string\"}],\"inLanguage\":\"es\"},{\"@type\":\"ImageObject\",\"@id\":\"https:\/\/www.oculio.com\/espana\/ja-ouviu-falar-em-ergonomia-visual\/#primaryimage\",\"inLanguage\":\"es\",\"url\":\"https:\/\/www.oculio.com\/espana\/wp-content\/uploads\/2019\/08\/blog-51.jpg\",\"contentUrl\":\"https:\/\/www.oculio.com\/espana\/wp-content\/uploads\/2019\/08\/blog-51.jpg\",\"width\":1024,\"height\":682},{\"@type\":\"WebPage\",\"@id\":\"https:\/\/www.oculio.com\/espana\/ja-ouviu-falar-em-ergonomia-visual\/#webpage\",\"url\":\"https:\/\/www.oculio.com\/espana\/ja-ouviu-falar-em-ergonomia-visual\/\",\"name\":\"Ergonomia Visual j\\u00e1 ouviu falar? Descubra - Oculio\",\"isPartOf\":{\"@id\":\"https:\/\/www.oculio.com\/espana\/#website\"},\"primaryImageOfPage\":{\"@id\":\"https:\/\/www.oculio.com\/espana\/ja-ouviu-falar-em-ergonomia-visual\/#primaryimage\"},\"datePublished\":\"2019-08-12T15:35:31+00:00\",\"dateModified\":\"2020-11-25T14:13:18+00:00\",\"author\":{\"@id\":\"https:\/\/www.oculio.com\/espana\/#\/schema\/person\/840b5496b7335837fbc4208b3bcd5b3a\"},\"description\":\"A Ergonomia visual ainda \\u00e9 um termo muito desconhecido no nosso quotidiano mas t\\u00eam um impacto fulcrar naquilo que \\u00e9 a nossa sa\\u00fade visual. Clica para mais..\",\"breadcrumb\":{\"@id\":\"https:\/\/www.oculio.com\/espana\/ja-ouviu-falar-em-ergonomia-visual\/#breadcrumb\"},\"inLanguage\":\"es\",\"potentialAction\":[{\"@type\":\"ReadAction\",\"target\":[\"https:\/\/www.oculio.com\/espana\/ja-ouviu-falar-em-ergonomia-visual\/\"]}]},{\"@type\":\"BreadcrumbList\",\"@id\":\"https:\/\/www.oculio.com\/espana\/ja-ouviu-falar-em-ergonomia-visual\/#breadcrumb\",\"itemListElement\":[{\"@type\":\"ListItem\",\"position\":1,\"item\":{\"@type\":\"WebPage\",\"@id\":\"https:\/\/www.oculio.com\/espana\/\",\"url\":\"https:\/\/www.oculio.com\/espana\/\",\"name\":\"In\\u00edcio\"}},{\"@type\":\"ListItem\",\"position\":2,\"item\":{\"@id\":\"https:\/\/www.oculio.com\/espana\/ja-ouviu-falar-em-ergonomia-visual\/#webpage\"}}]},{\"@type\":\"Person\",\"@id\":\"https:\/\/www.oculio.com\/espana\/#\/schema\/person\/840b5496b7335837fbc4208b3bcd5b3a\",\"name\":\"Andr\\u00e9 Oliveira\",\"image\":{\"@type\":\"ImageObject\",\"@id\":\"https:\/\/www.oculio.com\/espana\/#personlogo\",\"inLanguage\":\"es\",\"url\":\"https:\/\/secure.gravatar.com\/avatar\/955afa975d806b8bd830207a09eef530?s=96&d=mm&r=g\",\"contentUrl\":\"https:\/\/secure.gravatar.com\/avatar\/955afa975d806b8bd830207a09eef530?s=96&d=mm&r=g\",\"caption\":\"Andr\\u00e9 Oliveira\"},\"sameAs\":[\"https:\/\/www.peepsagency.com\/\"],\"url\":\"https:\/\/www.oculio.com\/espana\/author\/andrefcoliveira\/\"}]}<\/script>\n<!-- \/ Yoast SEO plugin. -->","_links":{"self":[{"href":"https:\/\/www.oculio.com\/espana\/wp-json\/wp\/v2\/posts\/4684"}],"collection":[{"href":"https:\/\/www.oculio.com\/espana\/wp-json\/wp\/v2\/posts"}],"about":[{"href":"https:\/\/www.oculio.com\/espana\/wp-json\/wp\/v2\/types\/post"}],"author":[{"embeddable":true,"href":"https:\/\/www.oculio.com\/espana\/wp-json\/wp\/v2\/users\/1"}],"replies":[{"embeddable":true,"href":"https:\/\/www.oculio.com\/espana\/wp-json\/wp\/v2\/comments?post=4684"}],"version-history":[{"count":3,"href":"https:\/\/www.oculio.com\/espana\/wp-json\/wp\/v2\/posts\/4684\/revisions"}],"predecessor-version":[{"id":5755,"href":"https:\/\/www.oculio.com\/espana\/wp-json\/wp\/v2\/posts\/4684\/revisions\/5755"}],"wp:featuredmedia":[{"embeddable":true,"href":"https:\/\/www.oculio.com\/espana\/wp-json\/wp\/v2\/media\/4685"}],"wp:attachment":[{"href":"https:\/\/www.oculio.com\/espana\/wp-json\/wp\/v2\/media?parent=4684"}],"wp:term":[{"taxonomy":"category","embeddable":true,"href":"https:\/\/www.oculio.com\/espana\/wp-json\/wp\/v2\/categories?post=4684"},{"taxonomy":"post_tag","embeddable":true,"href":"https:\/\/www.oculio.com\/espana\/wp-json\/wp\/v2\/tags?post=4684"}],"curies":[{"name":"wp","href":"https:\/\/api.w.org\/{rel}","templated":true}]}}