{"id":4672,"date":"2019-08-12T15:26:28","date_gmt":"2019-08-12T15:26:28","guid":{"rendered":"https:\/\/oculio.com\/portugal\/?p=4672"},"modified":"2020-11-25T13:16:47","modified_gmt":"2020-11-25T12:16:47","slug":"o-que-e-a-conjuntivite","status":"publish","type":"post","link":"https:\/\/www.oculio.com\/espana\/o-que-e-a-conjuntivite\/","title":{"rendered":"O que \u00e9 a Conjuntivite? Que impacto tem a conjuntivite ?"},"content":{"rendered":"<p><a href=\"https:\/\/www.saudebemestar.pt\/pt\/clinica\/oftalmologia\/conjuntivite\/\" target=\"_blank\" rel=\"noopener noreferrer\">A conjuntivite,<\/a> tamb\u00e9m conhecida como \u00abolho rosa\u00bb, tem como sintomas a comich\u00e3o e desconforto ao ponto de os seus olhos estarem colados e vermelhos.<\/p>\n<p>A sua c\u00f3rnea (a parte branca \u00e0 volta das pupilas) fica vermelha cor de sangue ou completamente rosa &#8211; da\u00ed o nome -, acabando por passar ap\u00f3s cerca de uma semana.<\/p>\n<p>A conjuntivite \u00e9, mais precisamente, uma inflama\u00e7\u00e3o da conjuntiva, a membrana transparente que cobre os seus olhos. Pode ter origem numa infec\u00e7\u00e3o bacteriana ou viral. Distinguir os dois tipos nem sempre \u00e9 f\u00e1cil.<\/p>\n<p>A conjuntivite bacteriana faz com que os olhos fiquem mais colados durante a noite. Isto prov\u00e9m de uma descarga proveniente do olho.<\/p>\n<p>J\u00e1 a conjuntivite viral costuma afectar apenas um olho, enquanto a bacteriana ataca os dois olhos em simult\u00e2neo.<\/p>\n<p>\u00c9 muito f\u00e1cil apanhar esta condi\u00e7\u00e3o ocular. Tossir, espirrar ou tocar pode espalhar a infec\u00e7\u00e3o e esta pode alastrar-se como um fogo descontrolado nas condi\u00e7\u00f5es certas.<\/p>\n<p>Tapar a boca e lavar frequentemente as m\u00e3os com \u00e1gua quente e sabonete ajuda a impedir que se espalhe.<\/p>\n<p>Se algu\u00e9m em sua casa tiver conjuntivite, limite ao m\u00e1ximo o contacto com os outros. Ou seja, n\u00e3o ir \u00e0 escola nem trabalhar nas primeiras 36 a 48 horas ap\u00f3s o aparecimento, que \u00e9 geralmente o per\u00edodo de cont\u00e1gio da conjuntivite bacteriana.<\/p>\n<p>Consulte o seu m\u00e9dico para mais informa\u00e7\u00f5es \u2014 especialmente se o problema persistir durante mais de cinco dias.<\/p>\n","protected":false},"excerpt":{"rendered":"<p>A conjuntivite, tamb\u00e9m conhecida como \u00abolho rosa\u00bb, tem como sintomas a comich\u00e3o e desconforto ao ponto de os seus olhos estarem colados e vermelhos. A sua c\u00f3rnea (a parte branca \u00e0 volta das pupilas) fica vermelha cor de sangue ou completamente rosa &#8211; da\u00ed o nome -, acabando por passar ap\u00f3s cerca de uma semana. [&hellip;]<\/p>\n","protected":false},"author":1,"featured_media":4673,"comment_status":"open","ping_status":"open","sticky":false,"template":"","format":"standard","meta":{"_monsterinsights_skip_tracking":false,"_monsterinsights_sitenote_active":false,"_monsterinsights_sitenote_note":"","_monsterinsights_sitenote_category":0},"categories":[159],"tags":[219],"yoast_head":"<!-- This site is optimized with the Yoast SEO plugin v16.3 - https:\/\/yoast.com\/wordpress\/plugins\/seo\/ -->\n<title>O que \u00e9 a Conjuntivite? Que impacto tem a conjuntivite ? - Oculio<\/title>\n<meta name=\"description\" content=\"A conjuntivite, tamb\u00e9m conhecida como &quot;olho rosa&quot;, tem como sintomas a comich\u00e3o e desconforto ao ponto de os seus olhos estarem colados e vermelhos.\" \/>\n<meta name=\"robots\" content=\"index, follow, max-snippet:-1, max-image-preview:large, max-video-preview:-1\" \/>\n<link rel=\"canonical\" href=\"https:\/\/www.oculio.com\/espana\/o-que-e-a-conjuntivite\/\" \/>\n<meta property=\"og:locale\" content=\"es_ES\" \/>\n<meta property=\"og:type\" content=\"article\" \/>\n<meta property=\"og:title\" content=\"O que \u00e9 a Conjuntivite? Que impacto tem a conjuntivite ? - Oculio\" \/>\n<meta property=\"og:description\" content=\"A conjuntivite, tamb\u00e9m conhecida como &quot;olho rosa&quot;, tem como sintomas a comich\u00e3o e desconforto ao ponto de os seus olhos estarem colados e vermelhos.\" \/>\n<meta property=\"og:url\" content=\"https:\/\/www.oculio.com\/espana\/o-que-e-a-conjuntivite\/\" \/>\n<meta property=\"og:site_name\" content=\"Oculio\" \/>\n<meta property=\"article:publisher\" content=\"https:\/\/www.facebook.com\/oculio\" \/>\n<meta property=\"article:published_time\" content=\"2019-08-12T15:26:28+00:00\" \/>\n<meta property=\"article:modified_time\" content=\"2020-11-25T12:16:47+00:00\" \/>\n<meta property=\"og:image\" content=\"https:\/\/www.oculio.com\/portugal\/wp-content\/uploads\/2019\/08\/blog-46.jpg\" \/>\n\t<meta property=\"og:image:width\" content=\"1024\" \/>\n\t<meta property=\"og:image:height\" content=\"682\" \/>\n<meta name=\"twitter:card\" content=\"summary_large_image\" \/>\n<meta name=\"twitter:label1\" content=\"Tiempo de lectura\">\n\t<meta name=\"twitter:data1\" content=\"1 minuto\">\n<script type=\"application\/ld+json\" class=\"yoast-schema-graph\">{\"@context\":\"https:\/\/schema.org\",\"@graph\":[{\"@type\":\"WebSite\",\"@id\":\"https:\/\/www.oculio.com\/espana\/#website\",\"url\":\"https:\/\/www.oculio.com\/espana\/\",\"name\":\"Oculio\",\"description\":\"Encuentra la \\u00f3ptica adecuada para tu perfil, siempre con garant\\u00eda de calidad.\",\"potentialAction\":[{\"@type\":\"SearchAction\",\"target\":\"https:\/\/www.oculio.com\/espana\/?s={search_term_string}\",\"query-input\":\"required name=search_term_string\"}],\"inLanguage\":\"es\"},{\"@type\":\"ImageObject\",\"@id\":\"https:\/\/www.oculio.com\/espana\/o-que-e-a-conjuntivite\/#primaryimage\",\"inLanguage\":\"es\",\"url\":\"https:\/\/www.oculio.com\/espana\/wp-content\/uploads\/2019\/08\/blog-46.jpg\",\"contentUrl\":\"https:\/\/www.oculio.com\/espana\/wp-content\/uploads\/2019\/08\/blog-46.jpg\",\"width\":1024,\"height\":682},{\"@type\":\"WebPage\",\"@id\":\"https:\/\/www.oculio.com\/espana\/o-que-e-a-conjuntivite\/#webpage\",\"url\":\"https:\/\/www.oculio.com\/espana\/o-que-e-a-conjuntivite\/\",\"name\":\"O que \\u00e9 a Conjuntivite? Que impacto tem a conjuntivite ? - Oculio\",\"isPartOf\":{\"@id\":\"https:\/\/www.oculio.com\/espana\/#website\"},\"primaryImageOfPage\":{\"@id\":\"https:\/\/www.oculio.com\/espana\/o-que-e-a-conjuntivite\/#primaryimage\"},\"datePublished\":\"2019-08-12T15:26:28+00:00\",\"dateModified\":\"2020-11-25T12:16:47+00:00\",\"author\":{\"@id\":\"https:\/\/www.oculio.com\/espana\/#\/schema\/person\/840b5496b7335837fbc4208b3bcd5b3a\"},\"description\":\"A conjuntivite, tamb\\u00e9m conhecida como \\\"olho rosa\\\", tem como sintomas a comich\\u00e3o e desconforto ao ponto de os seus olhos estarem colados e vermelhos.\",\"breadcrumb\":{\"@id\":\"https:\/\/www.oculio.com\/espana\/o-que-e-a-conjuntivite\/#breadcrumb\"},\"inLanguage\":\"es\",\"potentialAction\":[{\"@type\":\"ReadAction\",\"target\":[\"https:\/\/www.oculio.com\/espana\/o-que-e-a-conjuntivite\/\"]}]},{\"@type\":\"BreadcrumbList\",\"@id\":\"https:\/\/www.oculio.com\/espana\/o-que-e-a-conjuntivite\/#breadcrumb\",\"itemListElement\":[{\"@type\":\"ListItem\",\"position\":1,\"item\":{\"@type\":\"WebPage\",\"@id\":\"https:\/\/www.oculio.com\/espana\/\",\"url\":\"https:\/\/www.oculio.com\/espana\/\",\"name\":\"In\\u00edcio\"}},{\"@type\":\"ListItem\",\"position\":2,\"item\":{\"@id\":\"https:\/\/www.oculio.com\/espana\/o-que-e-a-conjuntivite\/#webpage\"}}]},{\"@type\":\"Person\",\"@id\":\"https:\/\/www.oculio.com\/espana\/#\/schema\/person\/840b5496b7335837fbc4208b3bcd5b3a\",\"name\":\"Andr\\u00e9 Oliveira\",\"image\":{\"@type\":\"ImageObject\",\"@id\":\"https:\/\/www.oculio.com\/espana\/#personlogo\",\"inLanguage\":\"es\",\"url\":\"https:\/\/secure.gravatar.com\/avatar\/955afa975d806b8bd830207a09eef530?s=96&d=mm&r=g\",\"contentUrl\":\"https:\/\/secure.gravatar.com\/avatar\/955afa975d806b8bd830207a09eef530?s=96&d=mm&r=g\",\"caption\":\"Andr\\u00e9 Oliveira\"},\"sameAs\":[\"https:\/\/www.peepsagency.com\/\"],\"url\":\"https:\/\/www.oculio.com\/espana\/author\/andrefcoliveira\/\"}]}<\/script>\n<!-- \/ Yoast SEO plugin. -->","_links":{"self":[{"href":"https:\/\/www.oculio.com\/espana\/wp-json\/wp\/v2\/posts\/4672"}],"collection":[{"href":"https:\/\/www.oculio.com\/espana\/wp-json\/wp\/v2\/posts"}],"about":[{"href":"https:\/\/www.oculio.com\/espana\/wp-json\/wp\/v2\/types\/post"}],"author":[{"embeddable":true,"href":"https:\/\/www.oculio.com\/espana\/wp-json\/wp\/v2\/users\/1"}],"replies":[{"embeddable":true,"href":"https:\/\/www.oculio.com\/espana\/wp-json\/wp\/v2\/comments?post=4672"}],"version-history":[{"count":3,"href":"https:\/\/www.oculio.com\/espana\/wp-json\/wp\/v2\/posts\/4672\/revisions"}],"predecessor-version":[{"id":5745,"href":"https:\/\/www.oculio.com\/espana\/wp-json\/wp\/v2\/posts\/4672\/revisions\/5745"}],"wp:featuredmedia":[{"embeddable":true,"href":"https:\/\/www.oculio.com\/espana\/wp-json\/wp\/v2\/media\/4673"}],"wp:attachment":[{"href":"https:\/\/www.oculio.com\/espana\/wp-json\/wp\/v2\/media?parent=4672"}],"wp:term":[{"taxonomy":"category","embeddable":true,"href":"https:\/\/www.oculio.com\/espana\/wp-json\/wp\/v2\/categories?post=4672"},{"taxonomy":"post_tag","embeddable":true,"href":"https:\/\/www.oculio.com\/espana\/wp-json\/wp\/v2\/tags?post=4672"}],"curies":[{"name":"wp","href":"https:\/\/api.w.org\/{rel}","templated":true}]}}