{"id":4643,"date":"2019-08-12T15:12:44","date_gmt":"2019-08-12T15:12:44","guid":{"rendered":"https:\/\/oculio.com\/portugal\/?p=4643"},"modified":"2020-11-25T17:20:34","modified_gmt":"2020-11-25T16:20:34","slug":"o-que-e-a-presbiopia","status":"publish","type":"post","link":"https:\/\/www.oculio.com\/espana\/o-que-e-a-presbiopia\/","title":{"rendered":"O que \u00e9 a Presbiopia e como se caracteriza?"},"content":{"rendered":"<p>A\u00a0<strong>presbiopia<\/strong>\u00a0ou \u00abvista cansada\u00bb \u00e9 uma condi\u00e7\u00e3o\u00a0<strong>natural<\/strong>\u00a0associada ao envelhecimento, em que o olho apresenta uma capacidade progressivamente diminu\u00edda para focar objetos pr\u00f3ximos.<\/p>\n<p>Com vis\u00e3o normal a imagem deve formar-se na retina, por sua vez, no olho com presbiopia a imagem forma-se atr\u00e1s da retina, provocando problemas de vis\u00e3o ao perto. Esta anomalia \u00e9 um tipo de erro refrativo.<\/p>\n<p>Agora que j\u00e1 sabe o que \u00e9 presbiopia, vejamos de seguida a origem da palavra e as suas causas, para vermos mais tarde\u00a0<strong>como corrigir<\/strong>\u00a0este erro refrativo.<\/p>\n<p>Em vez de uma insufici\u00eancia visual, a presbiopia \u00e9 um endurecimento do cristalino do olho ao longo do tempo.<\/p>\n<p>\u00c0 medida que o cristalino se torna menos el\u00e1stico, a capacidade de focar objetos ao perto diminui. Este problema atinge principalmente pessoas com mais de 40 anos e, tende a estabilizar depois dos 60.<\/p>\n<p><a href=\"https:\/\/www.saudebemestar.pt\/pt\/clinica\/oftalmologia\/presbiopia\/\">Se sofrer<\/a> de presbiopia vai aperceber-se, uma vez que a capacidade de ver objetos ao perto diminui cada vez mais.<\/p>\n<p>Podem ser precisos \u00f3culos com lentes de leitura, lentes bifocais, lentes progressivas ou implantes oculares para tratar a presbiopia.<\/p>\n<p><a href=\"https:\/\/www.oculio.com\/portugal\/\">Uma conversa com o seu especialista<\/a> ir\u00e1 ajud\u00e1-lo a encontrar a lente correta para si, adequada ao seu estilo de vida e necessidade visual. Isso pode corresponder a simples lentes de leitura ou lentes progressivas para uma melhor solu\u00e7\u00e3o.<\/p>\n","protected":false},"excerpt":{"rendered":"<p>A\u00a0presbiopia\u00a0ou \u00abvista cansada\u00bb \u00e9 uma condi\u00e7\u00e3o\u00a0natural\u00a0associada ao envelhecimento, em que o olho apresenta uma capacidade progressivamente diminu\u00edda para focar objetos pr\u00f3ximos. Com vis\u00e3o normal a imagem deve formar-se na retina, por sua vez, no olho com presbiopia a imagem forma-se atr\u00e1s da retina, provocando problemas de vis\u00e3o ao perto. Esta anomalia \u00e9 um tipo de [&hellip;]<\/p>\n","protected":false},"author":1,"featured_media":4644,"comment_status":"open","ping_status":"open","sticky":false,"template":"","format":"standard","meta":{"_monsterinsights_skip_tracking":false,"_monsterinsights_sitenote_active":false,"_monsterinsights_sitenote_note":"","_monsterinsights_sitenote_category":0},"categories":[159],"tags":[183],"yoast_head":"<!-- This site is optimized with the Yoast SEO plugin v16.3 - https:\/\/yoast.com\/wordpress\/plugins\/seo\/ -->\n<title>O que \u00e9 a Presbiopia e como se caracteriza? - Oculio<\/title>\n<meta name=\"description\" content=\"A presbiopia afeta-nos \u00e0 medida que envelhecemos. Muitas vezes, come\u00e7a por se manifestar por volta dos 40 anos. Podem ser precisos \u00f3culos\" \/>\n<meta name=\"robots\" content=\"index, follow, max-snippet:-1, max-image-preview:large, max-video-preview:-1\" \/>\n<link rel=\"canonical\" href=\"https:\/\/www.oculio.com\/espana\/o-que-e-a-presbiopia\/\" \/>\n<meta property=\"og:locale\" content=\"es_ES\" \/>\n<meta property=\"og:type\" content=\"article\" \/>\n<meta property=\"og:title\" content=\"O que \u00e9 a Presbiopia e como se caracteriza? - Oculio\" \/>\n<meta property=\"og:description\" content=\"A presbiopia afeta-nos \u00e0 medida que envelhecemos. Muitas vezes, come\u00e7a por se manifestar por volta dos 40 anos. Podem ser precisos \u00f3culos\" \/>\n<meta property=\"og:url\" content=\"https:\/\/www.oculio.com\/espana\/o-que-e-a-presbiopia\/\" \/>\n<meta property=\"og:site_name\" content=\"Oculio\" \/>\n<meta property=\"article:publisher\" content=\"https:\/\/www.facebook.com\/oculio\" \/>\n<meta property=\"article:published_time\" content=\"2019-08-12T15:12:44+00:00\" \/>\n<meta property=\"article:modified_time\" content=\"2020-11-25T16:20:34+00:00\" \/>\n<meta property=\"og:image\" content=\"https:\/\/www.oculio.com\/portugal\/wp-content\/uploads\/2019\/08\/blog-36.jpg\" \/>\n\t<meta property=\"og:image:width\" content=\"1024\" \/>\n\t<meta property=\"og:image:height\" content=\"682\" \/>\n<meta name=\"twitter:card\" content=\"summary_large_image\" \/>\n<meta name=\"twitter:label1\" content=\"Tiempo de lectura\">\n\t<meta name=\"twitter:data1\" content=\"1 minuto\">\n<script type=\"application\/ld+json\" class=\"yoast-schema-graph\">{\"@context\":\"https:\/\/schema.org\",\"@graph\":[{\"@type\":\"WebSite\",\"@id\":\"https:\/\/www.oculio.com\/espana\/#website\",\"url\":\"https:\/\/www.oculio.com\/espana\/\",\"name\":\"Oculio\",\"description\":\"Encuentra la \\u00f3ptica adecuada para tu perfil, siempre con garant\\u00eda de calidad.\",\"potentialAction\":[{\"@type\":\"SearchAction\",\"target\":\"https:\/\/www.oculio.com\/espana\/?s={search_term_string}\",\"query-input\":\"required name=search_term_string\"}],\"inLanguage\":\"es\"},{\"@type\":\"ImageObject\",\"@id\":\"https:\/\/www.oculio.com\/espana\/o-que-e-a-presbiopia\/#primaryimage\",\"inLanguage\":\"es\",\"url\":\"https:\/\/www.oculio.com\/espana\/wp-content\/uploads\/2019\/08\/blog-36.jpg\",\"contentUrl\":\"https:\/\/www.oculio.com\/espana\/wp-content\/uploads\/2019\/08\/blog-36.jpg\",\"width\":1024,\"height\":682},{\"@type\":\"WebPage\",\"@id\":\"https:\/\/www.oculio.com\/espana\/o-que-e-a-presbiopia\/#webpage\",\"url\":\"https:\/\/www.oculio.com\/espana\/o-que-e-a-presbiopia\/\",\"name\":\"O que \\u00e9 a Presbiopia e como se caracteriza? - Oculio\",\"isPartOf\":{\"@id\":\"https:\/\/www.oculio.com\/espana\/#website\"},\"primaryImageOfPage\":{\"@id\":\"https:\/\/www.oculio.com\/espana\/o-que-e-a-presbiopia\/#primaryimage\"},\"datePublished\":\"2019-08-12T15:12:44+00:00\",\"dateModified\":\"2020-11-25T16:20:34+00:00\",\"author\":{\"@id\":\"https:\/\/www.oculio.com\/espana\/#\/schema\/person\/840b5496b7335837fbc4208b3bcd5b3a\"},\"description\":\"A presbiopia afeta-nos \\u00e0 medida que envelhecemos. Muitas vezes, come\\u00e7a por se manifestar por volta dos 40 anos. Podem ser precisos \\u00f3culos\",\"breadcrumb\":{\"@id\":\"https:\/\/www.oculio.com\/espana\/o-que-e-a-presbiopia\/#breadcrumb\"},\"inLanguage\":\"es\",\"potentialAction\":[{\"@type\":\"ReadAction\",\"target\":[\"https:\/\/www.oculio.com\/espana\/o-que-e-a-presbiopia\/\"]}]},{\"@type\":\"BreadcrumbList\",\"@id\":\"https:\/\/www.oculio.com\/espana\/o-que-e-a-presbiopia\/#breadcrumb\",\"itemListElement\":[{\"@type\":\"ListItem\",\"position\":1,\"item\":{\"@type\":\"WebPage\",\"@id\":\"https:\/\/www.oculio.com\/espana\/\",\"url\":\"https:\/\/www.oculio.com\/espana\/\",\"name\":\"In\\u00edcio\"}},{\"@type\":\"ListItem\",\"position\":2,\"item\":{\"@id\":\"https:\/\/www.oculio.com\/espana\/o-que-e-a-presbiopia\/#webpage\"}}]},{\"@type\":\"Person\",\"@id\":\"https:\/\/www.oculio.com\/espana\/#\/schema\/person\/840b5496b7335837fbc4208b3bcd5b3a\",\"name\":\"Andr\\u00e9 Oliveira\",\"image\":{\"@type\":\"ImageObject\",\"@id\":\"https:\/\/www.oculio.com\/espana\/#personlogo\",\"inLanguage\":\"es\",\"url\":\"https:\/\/secure.gravatar.com\/avatar\/955afa975d806b8bd830207a09eef530?s=96&d=mm&r=g\",\"contentUrl\":\"https:\/\/secure.gravatar.com\/avatar\/955afa975d806b8bd830207a09eef530?s=96&d=mm&r=g\",\"caption\":\"Andr\\u00e9 Oliveira\"},\"sameAs\":[\"https:\/\/www.peepsagency.com\/\"],\"url\":\"https:\/\/www.oculio.com\/espana\/author\/andrefcoliveira\/\"}]}<\/script>\n<!-- \/ Yoast SEO plugin. -->","_links":{"self":[{"href":"https:\/\/www.oculio.com\/espana\/wp-json\/wp\/v2\/posts\/4643"}],"collection":[{"href":"https:\/\/www.oculio.com\/espana\/wp-json\/wp\/v2\/posts"}],"about":[{"href":"https:\/\/www.oculio.com\/espana\/wp-json\/wp\/v2\/types\/post"}],"author":[{"embeddable":true,"href":"https:\/\/www.oculio.com\/espana\/wp-json\/wp\/v2\/users\/1"}],"replies":[{"embeddable":true,"href":"https:\/\/www.oculio.com\/espana\/wp-json\/wp\/v2\/comments?post=4643"}],"version-history":[{"count":3,"href":"https:\/\/www.oculio.com\/espana\/wp-json\/wp\/v2\/posts\/4643\/revisions"}],"predecessor-version":[{"id":5775,"href":"https:\/\/www.oculio.com\/espana\/wp-json\/wp\/v2\/posts\/4643\/revisions\/5775"}],"wp:featuredmedia":[{"embeddable":true,"href":"https:\/\/www.oculio.com\/espana\/wp-json\/wp\/v2\/media\/4644"}],"wp:attachment":[{"href":"https:\/\/www.oculio.com\/espana\/wp-json\/wp\/v2\/media?parent=4643"}],"wp:term":[{"taxonomy":"category","embeddable":true,"href":"https:\/\/www.oculio.com\/espana\/wp-json\/wp\/v2\/categories?post=4643"},{"taxonomy":"post_tag","embeddable":true,"href":"https:\/\/www.oculio.com\/espana\/wp-json\/wp\/v2\/tags?post=4643"}],"curies":[{"name":"wp","href":"https:\/\/api.w.org\/{rel}","templated":true}]}}