{"id":4634,"date":"2019-08-12T15:08:41","date_gmt":"2019-08-12T15:08:41","guid":{"rendered":"https:\/\/oculio.com\/portugal\/?p=4634"},"modified":"2020-11-25T17:40:04","modified_gmt":"2020-11-25T16:40:04","slug":"astigmatismo-o-que-e","status":"publish","type":"post","link":"https:\/\/www.oculio.com\/espana\/astigmatismo-o-que-e\/","title":{"rendered":"Sabe o que \u00e9 Astigmatismo ?"},"content":{"rendered":"<p>Astigmatismo \u00e9 um problema derivado de uma c\u00f3rnea ou lente que se estendeu para um formato irregular.<\/p>\n<p><a href=\"https:\/\/www.cuf.pt\/saude-a-z\/astigmatismo\">Em vez de terem uma forma redonda<\/a>, as c\u00f3rneas das pessoas com este defeito s\u00e3o muitas vezes oblongas. Isto provoca um erro refrativo, distorcendo a luz quando esta entra nos olhos, que resulta em imagens desfocadas.<\/p>\n<p>As crian\u00e7as e os adultos com este problema podem sentir dificuldade em ler um texto ou em ver pequenos detalhes em objetos tanto ao perto como ao longe.<\/p>\n<p>O astigmatismo \u00e9 um erro refrativo em que as imagens na retina surgem desfocadas.<\/p>\n<p>Os sintomas de astigmatismo s\u00e3o a vis\u00e3o turva ao perto e ao longe, que faz com que, ao olhar para objetos mais pr\u00f3ximos ou distantes, estes pare\u00e7am distorcidos.<\/p>\n<p>O astigmata apresenta, normalmente, muita fadiga ocular (vista cansada) ou cefaleias (dores de cabe\u00e7a), os sintomas mais frequentes do astigmatismo.<\/p>\n<p>Mas apesar de poder haver diferentes causas deste problema, uma delas \u00e9 ,geralmente a respons\u00e1vel: a hereditariedade.<\/p>\n<p>Mesmo com sintomas ligeiros, as lentes oft\u00e1lmicas ajudam a melhorar a sua vis\u00e3o de forma significativa, ou poder\u00e3o ajudar a retardar os efeitos do astigmatismo.<\/p>\n<p>O astigmatismo ocular \u00e9 compensado com lentes cil\u00edndricas, que permitem a compensa\u00e7\u00e3o da defici\u00eancia da c\u00f3rnea.<\/p>\n<p><a href=\"https:\/\/www.oculio.com\/portugal\/\">Se n\u00e3o identificar qualquer problema, poder\u00e1 ser diagnosticado facilmente atrav\u00e9s de um exame visual de rotina.<\/a><\/p>\n","protected":false},"excerpt":{"rendered":"<p>Astigmatismo \u00e9 um problema derivado de uma c\u00f3rnea ou lente que se estendeu para um formato irregular. Em vez de terem uma forma redonda, as c\u00f3rneas das pessoas com este defeito s\u00e3o muitas vezes oblongas. Isto provoca um erro refrativo, distorcendo a luz quando esta entra nos olhos, que resulta em imagens desfocadas. As crian\u00e7as [&hellip;]<\/p>\n","protected":false},"author":1,"featured_media":4635,"comment_status":"open","ping_status":"open","sticky":false,"template":"","format":"standard","meta":{"_monsterinsights_skip_tracking":false,"_monsterinsights_sitenote_active":false,"_monsterinsights_sitenote_note":"","_monsterinsights_sitenote_category":0},"categories":[159],"tags":[211],"yoast_head":"<!-- This site is optimized with the Yoast SEO plugin v16.3 - https:\/\/yoast.com\/wordpress\/plugins\/seo\/ -->\n<title>Sabe o que \u00e9 Astigmatismo ? - Oculio<\/title>\n<meta name=\"description\" content=\"O Astigmatismo \u00e9 um problema derivado de uma c\u00f3rnea ou lente que se estendeu para um formato irregular. Resulta de uma irregularidade da curvatura da c\u00f3rnea\" \/>\n<meta name=\"robots\" content=\"index, follow, max-snippet:-1, max-image-preview:large, max-video-preview:-1\" \/>\n<link rel=\"canonical\" href=\"https:\/\/www.oculio.com\/espana\/astigmatismo-o-que-e\/\" \/>\n<meta property=\"og:locale\" content=\"es_ES\" \/>\n<meta property=\"og:type\" content=\"article\" \/>\n<meta property=\"og:title\" content=\"Sabe o que \u00e9 Astigmatismo ? - Oculio\" \/>\n<meta property=\"og:description\" content=\"O Astigmatismo \u00e9 um problema derivado de uma c\u00f3rnea ou lente que se estendeu para um formato irregular. Resulta de uma irregularidade da curvatura da c\u00f3rnea\" \/>\n<meta property=\"og:url\" content=\"https:\/\/www.oculio.com\/espana\/astigmatismo-o-que-e\/\" \/>\n<meta property=\"og:site_name\" content=\"Oculio\" \/>\n<meta property=\"article:publisher\" content=\"https:\/\/www.facebook.com\/oculio\" \/>\n<meta property=\"article:published_time\" content=\"2019-08-12T15:08:41+00:00\" \/>\n<meta property=\"article:modified_time\" content=\"2020-11-25T16:40:04+00:00\" \/>\n<meta property=\"og:image\" content=\"https:\/\/www.oculio.com\/portugal\/wp-content\/uploads\/2019\/08\/blog-33.jpg\" \/>\n\t<meta property=\"og:image:width\" content=\"1024\" \/>\n\t<meta property=\"og:image:height\" content=\"682\" \/>\n<meta name=\"twitter:card\" content=\"summary_large_image\" \/>\n<meta name=\"twitter:label1\" content=\"Tiempo de lectura\">\n\t<meta name=\"twitter:data1\" content=\"1 minuto\">\n<script type=\"application\/ld+json\" class=\"yoast-schema-graph\">{\"@context\":\"https:\/\/schema.org\",\"@graph\":[{\"@type\":\"WebSite\",\"@id\":\"https:\/\/www.oculio.com\/espana\/#website\",\"url\":\"https:\/\/www.oculio.com\/espana\/\",\"name\":\"Oculio\",\"description\":\"Encuentra la \\u00f3ptica adecuada para tu perfil, siempre con garant\\u00eda de calidad.\",\"potentialAction\":[{\"@type\":\"SearchAction\",\"target\":\"https:\/\/www.oculio.com\/espana\/?s={search_term_string}\",\"query-input\":\"required name=search_term_string\"}],\"inLanguage\":\"es\"},{\"@type\":\"ImageObject\",\"@id\":\"https:\/\/www.oculio.com\/espana\/astigmatismo-o-que-e\/#primaryimage\",\"inLanguage\":\"es\",\"url\":\"https:\/\/www.oculio.com\/espana\/wp-content\/uploads\/2019\/08\/blog-33.jpg\",\"contentUrl\":\"https:\/\/www.oculio.com\/espana\/wp-content\/uploads\/2019\/08\/blog-33.jpg\",\"width\":1024,\"height\":682},{\"@type\":\"WebPage\",\"@id\":\"https:\/\/www.oculio.com\/espana\/astigmatismo-o-que-e\/#webpage\",\"url\":\"https:\/\/www.oculio.com\/espana\/astigmatismo-o-que-e\/\",\"name\":\"Sabe o que \\u00e9 Astigmatismo ? - Oculio\",\"isPartOf\":{\"@id\":\"https:\/\/www.oculio.com\/espana\/#website\"},\"primaryImageOfPage\":{\"@id\":\"https:\/\/www.oculio.com\/espana\/astigmatismo-o-que-e\/#primaryimage\"},\"datePublished\":\"2019-08-12T15:08:41+00:00\",\"dateModified\":\"2020-11-25T16:40:04+00:00\",\"author\":{\"@id\":\"https:\/\/www.oculio.com\/espana\/#\/schema\/person\/840b5496b7335837fbc4208b3bcd5b3a\"},\"description\":\"O Astigmatismo \\u00e9 um problema derivado de uma c\\u00f3rnea ou lente que se estendeu para um formato irregular. Resulta de uma irregularidade da curvatura da c\\u00f3rnea\",\"breadcrumb\":{\"@id\":\"https:\/\/www.oculio.com\/espana\/astigmatismo-o-que-e\/#breadcrumb\"},\"inLanguage\":\"es\",\"potentialAction\":[{\"@type\":\"ReadAction\",\"target\":[\"https:\/\/www.oculio.com\/espana\/astigmatismo-o-que-e\/\"]}]},{\"@type\":\"BreadcrumbList\",\"@id\":\"https:\/\/www.oculio.com\/espana\/astigmatismo-o-que-e\/#breadcrumb\",\"itemListElement\":[{\"@type\":\"ListItem\",\"position\":1,\"item\":{\"@type\":\"WebPage\",\"@id\":\"https:\/\/www.oculio.com\/espana\/\",\"url\":\"https:\/\/www.oculio.com\/espana\/\",\"name\":\"In\\u00edcio\"}},{\"@type\":\"ListItem\",\"position\":2,\"item\":{\"@id\":\"https:\/\/www.oculio.com\/espana\/astigmatismo-o-que-e\/#webpage\"}}]},{\"@type\":\"Person\",\"@id\":\"https:\/\/www.oculio.com\/espana\/#\/schema\/person\/840b5496b7335837fbc4208b3bcd5b3a\",\"name\":\"Andr\\u00e9 Oliveira\",\"image\":{\"@type\":\"ImageObject\",\"@id\":\"https:\/\/www.oculio.com\/espana\/#personlogo\",\"inLanguage\":\"es\",\"url\":\"https:\/\/secure.gravatar.com\/avatar\/955afa975d806b8bd830207a09eef530?s=96&d=mm&r=g\",\"contentUrl\":\"https:\/\/secure.gravatar.com\/avatar\/955afa975d806b8bd830207a09eef530?s=96&d=mm&r=g\",\"caption\":\"Andr\\u00e9 Oliveira\"},\"sameAs\":[\"https:\/\/www.peepsagency.com\/\"],\"url\":\"https:\/\/www.oculio.com\/espana\/author\/andrefcoliveira\/\"}]}<\/script>\n<!-- \/ Yoast SEO plugin. -->","_links":{"self":[{"href":"https:\/\/www.oculio.com\/espana\/wp-json\/wp\/v2\/posts\/4634"}],"collection":[{"href":"https:\/\/www.oculio.com\/espana\/wp-json\/wp\/v2\/posts"}],"about":[{"href":"https:\/\/www.oculio.com\/espana\/wp-json\/wp\/v2\/types\/post"}],"author":[{"embeddable":true,"href":"https:\/\/www.oculio.com\/espana\/wp-json\/wp\/v2\/users\/1"}],"replies":[{"embeddable":true,"href":"https:\/\/www.oculio.com\/espana\/wp-json\/wp\/v2\/comments?post=4634"}],"version-history":[{"count":3,"href":"https:\/\/www.oculio.com\/espana\/wp-json\/wp\/v2\/posts\/4634\/revisions"}],"predecessor-version":[{"id":5781,"href":"https:\/\/www.oculio.com\/espana\/wp-json\/wp\/v2\/posts\/4634\/revisions\/5781"}],"wp:featuredmedia":[{"embeddable":true,"href":"https:\/\/www.oculio.com\/espana\/wp-json\/wp\/v2\/media\/4635"}],"wp:attachment":[{"href":"https:\/\/www.oculio.com\/espana\/wp-json\/wp\/v2\/media?parent=4634"}],"wp:term":[{"taxonomy":"category","embeddable":true,"href":"https:\/\/www.oculio.com\/espana\/wp-json\/wp\/v2\/categories?post=4634"},{"taxonomy":"post_tag","embeddable":true,"href":"https:\/\/www.oculio.com\/espana\/wp-json\/wp\/v2\/tags?post=4634"}],"curies":[{"name":"wp","href":"https:\/\/api.w.org\/{rel}","templated":true}]}}