{"id":4603,"date":"2019-08-12T14:53:04","date_gmt":"2019-08-12T14:53:04","guid":{"rendered":"https:\/\/oculio.com\/portugal\/?p=4603"},"modified":"2020-11-25T18:24:27","modified_gmt":"2020-11-25T17:24:27","slug":"o-risco-da-nociva-luz-azul","status":"publish","type":"post","link":"https:\/\/www.oculio.com\/espana\/o-risco-da-nociva-luz-azul\/","title":{"rendered":"Luz Azul: nociva e de elevado risco para a sa\u00fade humana"},"content":{"rendered":"<p>A luz azul desempenha um papel essencial na vida quotidiana, passamos cerca de sete horas por dia em frente de um ecr\u00e3 e a tend\u00eancia \u00e9 para aumentar.<\/p>\n<p>Estima-se que em 2020, 70% das fontes de luz ser\u00e3o LED.<\/p>\n<p><a href=\"https:\/\/www.cuf.pt\/mais-saude\/luz-azul-nos-olhos\">Esta luz \u00e9 composta por dois tipos de luz:<\/a><\/p>\n<ul>\n<li>a azul-turquesa &#8211; \u00e9 essencial para o bem-estar geral, para a regula\u00e7\u00e3o do sono, humor e performances cognitivas. Apesar que a luz em excesso tamb\u00e9m pode ser a causa do envelhecimento prematuro dos olhos.<\/li>\n<li>a azul-violeta &#8211; foi recentemente identificada como sendo prejudicial para as c\u00e9lulas da retina. Causando danos a longo prazo na vis\u00e3o, pode acelerar o aparecimento da degenera\u00e7\u00e3o macular relacionada com a idade (DMRI), a luz azul-violeta aumenta, tamb\u00e9m, o risco de danos na retina e a fadiga ocular.<\/li>\n<\/ul>\n<p>A exposi\u00e7\u00e3o excessiva a esta luz\u00a0 tem um efeito duplo:<br \/>\n&#8211; Geralmente conhecido como \u00abmarcador de idade\u00bb, a produ\u00e7\u00e3o de lipofuscina em excesso, um material metab\u00f3lico que se acumula nas c\u00e9lulas da retina com a idade;<br \/>\n&#8211; Ao mesmo tempo ativa os componentes fotot\u00f3xicos de lipufuscina, causando a morte celular da retina. O acumular de lipofuscina em c\u00e9lulas retinianas pode contribuir para a degenera\u00e7\u00e3o macular.<\/p>\n<p>Sendo a luz fundamental para a vis\u00e3o e permanente no dia a dia, necess\u00e1ria para a perce\u00e7\u00e3o do mundo, \u00e9 preciso uma prote\u00e7\u00e3o ocular de acordo com as necessidades de cada um.<\/p>\n","protected":false},"excerpt":{"rendered":"<p>A luz azul desempenha um papel essencial na vida quotidiana, passamos cerca de sete horas por dia em frente de um ecr\u00e3 e a tend\u00eancia \u00e9 para aumentar. Estima-se que em 2020, 70% das fontes de luz ser\u00e3o LED. Esta luz \u00e9 composta por dois tipos de luz: a azul-turquesa &#8211; \u00e9 essencial para o [&hellip;]<\/p>\n","protected":false},"author":1,"featured_media":4604,"comment_status":"open","ping_status":"open","sticky":false,"template":"","format":"standard","meta":{"_monsterinsights_skip_tracking":false,"_monsterinsights_sitenote_active":false,"_monsterinsights_sitenote_note":"","_monsterinsights_sitenote_category":0},"categories":[159],"tags":[195],"yoast_head":"<!-- This site is optimized with the Yoast SEO plugin v16.3 - https:\/\/yoast.com\/wordpress\/plugins\/seo\/ -->\n<title>Luz Azul: nociva e de elevado risco para a sa\u00fade humana - Oculio<\/title>\n<meta name=\"description\" content=\"A luz azul desempenha um papel essencial na vida quotidiana, passamos cerca de sete horas por dia em frente de um ecr\u00e3 e a tend\u00eancia \u00e9 para aumentar.\" \/>\n<meta name=\"robots\" content=\"index, follow, max-snippet:-1, max-image-preview:large, max-video-preview:-1\" \/>\n<link rel=\"canonical\" href=\"https:\/\/www.oculio.com\/espana\/o-risco-da-nociva-luz-azul\/\" \/>\n<meta property=\"og:locale\" content=\"es_ES\" \/>\n<meta property=\"og:type\" content=\"article\" \/>\n<meta property=\"og:title\" content=\"Luz Azul: nociva e de elevado risco para a sa\u00fade humana - Oculio\" \/>\n<meta property=\"og:description\" content=\"A luz azul desempenha um papel essencial na vida quotidiana, passamos cerca de sete horas por dia em frente de um ecr\u00e3 e a tend\u00eancia \u00e9 para aumentar.\" \/>\n<meta property=\"og:url\" content=\"https:\/\/www.oculio.com\/espana\/o-risco-da-nociva-luz-azul\/\" \/>\n<meta property=\"og:site_name\" content=\"Oculio\" \/>\n<meta property=\"article:publisher\" content=\"https:\/\/www.facebook.com\/oculio\" \/>\n<meta property=\"article:published_time\" content=\"2019-08-12T14:53:04+00:00\" \/>\n<meta property=\"article:modified_time\" content=\"2020-11-25T17:24:27+00:00\" \/>\n<meta property=\"og:image\" content=\"https:\/\/www.oculio.com\/portugal\/wp-content\/uploads\/2019\/08\/blog-23.jpg\" \/>\n\t<meta property=\"og:image:width\" content=\"1024\" \/>\n\t<meta property=\"og:image:height\" content=\"682\" \/>\n<meta name=\"twitter:card\" content=\"summary_large_image\" \/>\n<meta name=\"twitter:label1\" content=\"Tiempo de lectura\">\n\t<meta name=\"twitter:data1\" content=\"1 minuto\">\n<script type=\"application\/ld+json\" class=\"yoast-schema-graph\">{\"@context\":\"https:\/\/schema.org\",\"@graph\":[{\"@type\":\"WebSite\",\"@id\":\"https:\/\/www.oculio.com\/espana\/#website\",\"url\":\"https:\/\/www.oculio.com\/espana\/\",\"name\":\"Oculio\",\"description\":\"Encuentra la \\u00f3ptica adecuada para tu perfil, siempre con garant\\u00eda de calidad.\",\"potentialAction\":[{\"@type\":\"SearchAction\",\"target\":\"https:\/\/www.oculio.com\/espana\/?s={search_term_string}\",\"query-input\":\"required name=search_term_string\"}],\"inLanguage\":\"es\"},{\"@type\":\"ImageObject\",\"@id\":\"https:\/\/www.oculio.com\/espana\/o-risco-da-nociva-luz-azul\/#primaryimage\",\"inLanguage\":\"es\",\"url\":\"https:\/\/www.oculio.com\/espana\/wp-content\/uploads\/2019\/08\/blog-23.jpg\",\"contentUrl\":\"https:\/\/www.oculio.com\/espana\/wp-content\/uploads\/2019\/08\/blog-23.jpg\",\"width\":1024,\"height\":682},{\"@type\":\"WebPage\",\"@id\":\"https:\/\/www.oculio.com\/espana\/o-risco-da-nociva-luz-azul\/#webpage\",\"url\":\"https:\/\/www.oculio.com\/espana\/o-risco-da-nociva-luz-azul\/\",\"name\":\"Luz Azul: nociva e de elevado risco para a sa\\u00fade humana - Oculio\",\"isPartOf\":{\"@id\":\"https:\/\/www.oculio.com\/espana\/#website\"},\"primaryImageOfPage\":{\"@id\":\"https:\/\/www.oculio.com\/espana\/o-risco-da-nociva-luz-azul\/#primaryimage\"},\"datePublished\":\"2019-08-12T14:53:04+00:00\",\"dateModified\":\"2020-11-25T17:24:27+00:00\",\"author\":{\"@id\":\"https:\/\/www.oculio.com\/espana\/#\/schema\/person\/840b5496b7335837fbc4208b3bcd5b3a\"},\"description\":\"A luz azul desempenha um papel essencial na vida quotidiana, passamos cerca de sete horas por dia em frente de um ecr\\u00e3 e a tend\\u00eancia \\u00e9 para aumentar.\",\"breadcrumb\":{\"@id\":\"https:\/\/www.oculio.com\/espana\/o-risco-da-nociva-luz-azul\/#breadcrumb\"},\"inLanguage\":\"es\",\"potentialAction\":[{\"@type\":\"ReadAction\",\"target\":[\"https:\/\/www.oculio.com\/espana\/o-risco-da-nociva-luz-azul\/\"]}]},{\"@type\":\"BreadcrumbList\",\"@id\":\"https:\/\/www.oculio.com\/espana\/o-risco-da-nociva-luz-azul\/#breadcrumb\",\"itemListElement\":[{\"@type\":\"ListItem\",\"position\":1,\"item\":{\"@type\":\"WebPage\",\"@id\":\"https:\/\/www.oculio.com\/espana\/\",\"url\":\"https:\/\/www.oculio.com\/espana\/\",\"name\":\"In\\u00edcio\"}},{\"@type\":\"ListItem\",\"position\":2,\"item\":{\"@id\":\"https:\/\/www.oculio.com\/espana\/o-risco-da-nociva-luz-azul\/#webpage\"}}]},{\"@type\":\"Person\",\"@id\":\"https:\/\/www.oculio.com\/espana\/#\/schema\/person\/840b5496b7335837fbc4208b3bcd5b3a\",\"name\":\"Andr\\u00e9 Oliveira\",\"image\":{\"@type\":\"ImageObject\",\"@id\":\"https:\/\/www.oculio.com\/espana\/#personlogo\",\"inLanguage\":\"es\",\"url\":\"https:\/\/secure.gravatar.com\/avatar\/955afa975d806b8bd830207a09eef530?s=96&d=mm&r=g\",\"contentUrl\":\"https:\/\/secure.gravatar.com\/avatar\/955afa975d806b8bd830207a09eef530?s=96&d=mm&r=g\",\"caption\":\"Andr\\u00e9 Oliveira\"},\"sameAs\":[\"https:\/\/www.peepsagency.com\/\"],\"url\":\"https:\/\/www.oculio.com\/espana\/author\/andrefcoliveira\/\"}]}<\/script>\n<!-- \/ Yoast SEO plugin. -->","_links":{"self":[{"href":"https:\/\/www.oculio.com\/espana\/wp-json\/wp\/v2\/posts\/4603"}],"collection":[{"href":"https:\/\/www.oculio.com\/espana\/wp-json\/wp\/v2\/posts"}],"about":[{"href":"https:\/\/www.oculio.com\/espana\/wp-json\/wp\/v2\/types\/post"}],"author":[{"embeddable":true,"href":"https:\/\/www.oculio.com\/espana\/wp-json\/wp\/v2\/users\/1"}],"replies":[{"embeddable":true,"href":"https:\/\/www.oculio.com\/espana\/wp-json\/wp\/v2\/comments?post=4603"}],"version-history":[{"count":3,"href":"https:\/\/www.oculio.com\/espana\/wp-json\/wp\/v2\/posts\/4603\/revisions"}],"predecessor-version":[{"id":5799,"href":"https:\/\/www.oculio.com\/espana\/wp-json\/wp\/v2\/posts\/4603\/revisions\/5799"}],"wp:featuredmedia":[{"embeddable":true,"href":"https:\/\/www.oculio.com\/espana\/wp-json\/wp\/v2\/media\/4604"}],"wp:attachment":[{"href":"https:\/\/www.oculio.com\/espana\/wp-json\/wp\/v2\/media?parent=4603"}],"wp:term":[{"taxonomy":"category","embeddable":true,"href":"https:\/\/www.oculio.com\/espana\/wp-json\/wp\/v2\/categories?post=4603"},{"taxonomy":"post_tag","embeddable":true,"href":"https:\/\/www.oculio.com\/espana\/wp-json\/wp\/v2\/tags?post=4603"}],"curies":[{"name":"wp","href":"https:\/\/api.w.org\/{rel}","templated":true}]}}