{"id":4576,"date":"2019-08-09T17:12:16","date_gmt":"2019-08-09T17:12:16","guid":{"rendered":"https:\/\/oculio.com\/portugal\/?p=4576"},"modified":"2020-11-25T18:57:19","modified_gmt":"2020-11-25T17:57:19","slug":"tem-os-olhos-lacrimejantes","status":"publish","type":"post","link":"https:\/\/www.oculio.com\/espana\/tem-os-olhos-lacrimejantes\/","title":{"rendered":"Olhos lacrimejantes ? Qual \u00e9 que \u00e9 o seu significado ?"},"content":{"rendered":"<p><a href=\"https:\/\/coopervision.pt\/cuidados-de-visao-e-saude-ocular\/olhos-lacrimejantes-o-que-e-que-lhe-estao-tentar-dizer\">As l\u00e1grimas ajudam a acalmar os nossos olhos<\/a>, mantendo-os lubrificados. Mas qual a raz\u00e3o para ter os olhos lacrimejantes?<\/p>\n<p>Se tem regularmente os seus olhos vermelhos e lacrimejantes, a primeira causa apontada, e mais comum, \u00e9 alergia.<\/p>\n<p>A causa da alergia pode n\u00e3o ser expressiva, por isso ser t\u00e3o importante questionar-se acerca de mudan\u00e7as que possam ter ocorrido na sua vida, como por exemplo: mudar de casa, passar a estar em contacto com animais de estima\u00e7\u00e3o, ter um emprego novo, frequentar um novo espa\u00e7o, entre outros.<\/p>\n<p>Se j\u00e1 colocou todas estas hip\u00f3teses em causa e nenhuma delas \u00e9 a resposta, a raz\u00e3o para os seus olhos estarem lacrimejantes ser\u00e1 outra. Para esta situa\u00e7\u00e3o, a idade tamb\u00e9m \u00e9 tida em conta.<\/p>\n<p>Com o avan\u00e7o da idade, a qualidade das nossas l\u00e1grimas diminui, isto porque as l\u00e1grimas s\u00e3o mais do que \u00e1gua: o organismo cria uma mistura para manter os nossos olhos lubrificados. Se os olhos n\u00e3o receberem a humidade suficiente de que precisam, tentam compensar ao formar l\u00e1grimas. Assim surge o \u201cproblema\u201d dos olhos lacrimejantes.<\/p>\n<p>Para conseguir tratar a quest\u00e3o dos seus olhos , <a href=\"https:\/\/www.oculio.com\/portugal\/\">a solu\u00e7\u00e3o \u00e9 consultar um especialista<\/a>. Primeiro para conseguir detetar a origem do problema, e depois porque pode ser at\u00e9 um problema cr\u00f3nico ou solu\u00e7\u00f5es como a cirurgia podem ser a solu\u00e7\u00e3o desta quest\u00e3o.<\/p>\n","protected":false},"excerpt":{"rendered":"<p>As l\u00e1grimas ajudam a acalmar os nossos olhos, mantendo-os lubrificados. Mas qual a raz\u00e3o para ter os olhos lacrimejantes? Se tem regularmente os seus olhos vermelhos e lacrimejantes, a primeira causa apontada, e mais comum, \u00e9 alergia. A causa da alergia pode n\u00e3o ser expressiva, por isso ser t\u00e3o importante questionar-se acerca de mudan\u00e7as que [&hellip;]<\/p>\n","protected":false},"author":1,"featured_media":4577,"comment_status":"open","ping_status":"open","sticky":false,"template":"","format":"standard","meta":{"_monsterinsights_skip_tracking":false,"_monsterinsights_sitenote_active":false,"_monsterinsights_sitenote_note":"","_monsterinsights_sitenote_category":0},"categories":[159],"tags":[193],"yoast_head":"<!-- This site is optimized with the Yoast SEO plugin v16.3 - https:\/\/yoast.com\/wordpress\/plugins\/seo\/ -->\n<title>Olhos lacrimejantes ? Qual \u00e9 que \u00e9 o seu significado ? - Oculio<\/title>\n<meta name=\"description\" content=\"Se tem regularmente os seus olhos vermelhos e lacrimejantes, a primeira causa apontada, e mais comum, \u00e9 alergia.\" \/>\n<meta name=\"robots\" content=\"index, follow, max-snippet:-1, max-image-preview:large, max-video-preview:-1\" \/>\n<link rel=\"canonical\" href=\"https:\/\/www.oculio.com\/espana\/tem-os-olhos-lacrimejantes\/\" \/>\n<meta property=\"og:locale\" content=\"es_ES\" \/>\n<meta property=\"og:type\" content=\"article\" \/>\n<meta property=\"og:title\" content=\"Olhos lacrimejantes ? Qual \u00e9 que \u00e9 o seu significado ? - Oculio\" \/>\n<meta property=\"og:description\" content=\"Se tem regularmente os seus olhos vermelhos e lacrimejantes, a primeira causa apontada, e mais comum, \u00e9 alergia.\" \/>\n<meta property=\"og:url\" content=\"https:\/\/www.oculio.com\/espana\/tem-os-olhos-lacrimejantes\/\" \/>\n<meta property=\"og:site_name\" content=\"Oculio\" \/>\n<meta property=\"article:publisher\" content=\"https:\/\/www.facebook.com\/oculio\" \/>\n<meta property=\"article:published_time\" content=\"2019-08-09T17:12:16+00:00\" \/>\n<meta property=\"article:modified_time\" content=\"2020-11-25T17:57:19+00:00\" \/>\n<meta property=\"og:image\" content=\"https:\/\/www.oculio.com\/portugal\/wp-content\/uploads\/2019\/08\/blog-14.jpg\" \/>\n\t<meta property=\"og:image:width\" content=\"1024\" \/>\n\t<meta property=\"og:image:height\" content=\"682\" \/>\n<meta name=\"twitter:card\" content=\"summary_large_image\" \/>\n<meta name=\"twitter:label1\" content=\"Tiempo de lectura\">\n\t<meta name=\"twitter:data1\" content=\"1 minuto\">\n<script type=\"application\/ld+json\" class=\"yoast-schema-graph\">{\"@context\":\"https:\/\/schema.org\",\"@graph\":[{\"@type\":\"WebSite\",\"@id\":\"https:\/\/www.oculio.com\/espana\/#website\",\"url\":\"https:\/\/www.oculio.com\/espana\/\",\"name\":\"Oculio\",\"description\":\"Encuentra la \\u00f3ptica adecuada para tu perfil, siempre con garant\\u00eda de calidad.\",\"potentialAction\":[{\"@type\":\"SearchAction\",\"target\":\"https:\/\/www.oculio.com\/espana\/?s={search_term_string}\",\"query-input\":\"required name=search_term_string\"}],\"inLanguage\":\"es\"},{\"@type\":\"ImageObject\",\"@id\":\"https:\/\/www.oculio.com\/espana\/tem-os-olhos-lacrimejantes\/#primaryimage\",\"inLanguage\":\"es\",\"url\":\"https:\/\/www.oculio.com\/espana\/wp-content\/uploads\/2019\/08\/blog-14.jpg\",\"contentUrl\":\"https:\/\/www.oculio.com\/espana\/wp-content\/uploads\/2019\/08\/blog-14.jpg\",\"width\":1024,\"height\":682},{\"@type\":\"WebPage\",\"@id\":\"https:\/\/www.oculio.com\/espana\/tem-os-olhos-lacrimejantes\/#webpage\",\"url\":\"https:\/\/www.oculio.com\/espana\/tem-os-olhos-lacrimejantes\/\",\"name\":\"Olhos lacrimejantes ? Qual \\u00e9 que \\u00e9 o seu significado ? - Oculio\",\"isPartOf\":{\"@id\":\"https:\/\/www.oculio.com\/espana\/#website\"},\"primaryImageOfPage\":{\"@id\":\"https:\/\/www.oculio.com\/espana\/tem-os-olhos-lacrimejantes\/#primaryimage\"},\"datePublished\":\"2019-08-09T17:12:16+00:00\",\"dateModified\":\"2020-11-25T17:57:19+00:00\",\"author\":{\"@id\":\"https:\/\/www.oculio.com\/espana\/#\/schema\/person\/840b5496b7335837fbc4208b3bcd5b3a\"},\"description\":\"Se tem regularmente os seus olhos vermelhos e lacrimejantes, a primeira causa apontada, e mais comum, \\u00e9 alergia.\",\"breadcrumb\":{\"@id\":\"https:\/\/www.oculio.com\/espana\/tem-os-olhos-lacrimejantes\/#breadcrumb\"},\"inLanguage\":\"es\",\"potentialAction\":[{\"@type\":\"ReadAction\",\"target\":[\"https:\/\/www.oculio.com\/espana\/tem-os-olhos-lacrimejantes\/\"]}]},{\"@type\":\"BreadcrumbList\",\"@id\":\"https:\/\/www.oculio.com\/espana\/tem-os-olhos-lacrimejantes\/#breadcrumb\",\"itemListElement\":[{\"@type\":\"ListItem\",\"position\":1,\"item\":{\"@type\":\"WebPage\",\"@id\":\"https:\/\/www.oculio.com\/espana\/\",\"url\":\"https:\/\/www.oculio.com\/espana\/\",\"name\":\"In\\u00edcio\"}},{\"@type\":\"ListItem\",\"position\":2,\"item\":{\"@id\":\"https:\/\/www.oculio.com\/espana\/tem-os-olhos-lacrimejantes\/#webpage\"}}]},{\"@type\":\"Person\",\"@id\":\"https:\/\/www.oculio.com\/espana\/#\/schema\/person\/840b5496b7335837fbc4208b3bcd5b3a\",\"name\":\"Andr\\u00e9 Oliveira\",\"image\":{\"@type\":\"ImageObject\",\"@id\":\"https:\/\/www.oculio.com\/espana\/#personlogo\",\"inLanguage\":\"es\",\"url\":\"https:\/\/secure.gravatar.com\/avatar\/955afa975d806b8bd830207a09eef530?s=96&d=mm&r=g\",\"contentUrl\":\"https:\/\/secure.gravatar.com\/avatar\/955afa975d806b8bd830207a09eef530?s=96&d=mm&r=g\",\"caption\":\"Andr\\u00e9 Oliveira\"},\"sameAs\":[\"https:\/\/www.peepsagency.com\/\"],\"url\":\"https:\/\/www.oculio.com\/espana\/author\/andrefcoliveira\/\"}]}<\/script>\n<!-- \/ Yoast SEO plugin. -->","_links":{"self":[{"href":"https:\/\/www.oculio.com\/espana\/wp-json\/wp\/v2\/posts\/4576"}],"collection":[{"href":"https:\/\/www.oculio.com\/espana\/wp-json\/wp\/v2\/posts"}],"about":[{"href":"https:\/\/www.oculio.com\/espana\/wp-json\/wp\/v2\/types\/post"}],"author":[{"embeddable":true,"href":"https:\/\/www.oculio.com\/espana\/wp-json\/wp\/v2\/users\/1"}],"replies":[{"embeddable":true,"href":"https:\/\/www.oculio.com\/espana\/wp-json\/wp\/v2\/comments?post=4576"}],"version-history":[{"count":3,"href":"https:\/\/www.oculio.com\/espana\/wp-json\/wp\/v2\/posts\/4576\/revisions"}],"predecessor-version":[{"id":5813,"href":"https:\/\/www.oculio.com\/espana\/wp-json\/wp\/v2\/posts\/4576\/revisions\/5813"}],"wp:featuredmedia":[{"embeddable":true,"href":"https:\/\/www.oculio.com\/espana\/wp-json\/wp\/v2\/media\/4577"}],"wp:attachment":[{"href":"https:\/\/www.oculio.com\/espana\/wp-json\/wp\/v2\/media?parent=4576"}],"wp:term":[{"taxonomy":"category","embeddable":true,"href":"https:\/\/www.oculio.com\/espana\/wp-json\/wp\/v2\/categories?post=4576"},{"taxonomy":"post_tag","embeddable":true,"href":"https:\/\/www.oculio.com\/espana\/wp-json\/wp\/v2\/tags?post=4576"}],"curies":[{"name":"wp","href":"https:\/\/api.w.org\/{rel}","templated":true}]}}