{"id":4565,"date":"2019-08-09T17:07:04","date_gmt":"2019-08-09T17:07:04","guid":{"rendered":"https:\/\/oculio.com\/portugal\/?p=4565"},"modified":"2020-11-25T19:45:35","modified_gmt":"2020-11-25T18:45:35","slug":"a-importancia-dos-oculos-escuros","status":"publish","type":"post","link":"https:\/\/www.oculio.com\/espana\/a-importancia-dos-oculos-escuros\/","title":{"rendered":"\u00d3culos escuros, que import\u00e2ncia t\u00eam e qual a sua prote\u00e7\u00e3o ?"},"content":{"rendered":"<p><a href=\"https:\/\/www.multiopticas.pt\/blog\/cuidados-visuais\/2018\/importancia-dos-oculos-de-sol-para-a-saude-ocular\">Usar \u00f3culos escuros \u00e9 imprescind\u00edvel<\/a>, mas estes t\u00eam que ter prote\u00e7\u00e3o ultravioleta (UVA e UBV). O facto da lente ser mais ou menos escura n\u00e3o tem rela\u00e7\u00e3o alguma com a sua capacidade de proteger dos raios solares. Ali\u00e1s, alguns \u00f3culos graduados transparentes, polarizados, coloridos, e at\u00e9 lentes de contacto podem ter prote\u00e7\u00e3o UV (que deve ser complementada pelo uso de \u00f3culos de sol). Conclus\u00e3o: N\u00e3o compre o par mais barato da loja de rua pois o mais certo \u00e9 que estes n\u00e3o tenham qualquer certifica\u00e7\u00e3o. E o sol pode mesmo prejudicar a sua vis\u00e3o ao longo da vida!<\/p>\n<p>Segundo recomenda\u00e7\u00f5es m\u00e9dicas, \u00e9 imprescind\u00edvel o uso de \u00f3culos escuros com 99-100% de prote\u00e7\u00e3o UVA e UVB e assim evitar les\u00f5es nas p\u00e1lpebras, cataratas (opacidade da lente transparente dentro do olho e que pode precisar de corre\u00e7\u00e3o cir\u00fargica); pequenas prolifera\u00e7\u00f5es do tecido que reveste o olho e que tamb\u00e9m pode implicar corre\u00e7\u00e3o cir\u00fargica, al\u00e9m de degenera\u00e7\u00e3o macular, uma altera\u00e7\u00e3o da retina que implica perda visual gradual, progressiva e irrevers\u00edvel.<\/p>\n<p><strong>Use \u00f3culos de sol com certificado de prote\u00e7\u00e3o contra raios UV<\/strong> e <a href=\"https:\/\/www.oculio.com\/portugal\/\">fa\u00e7a visitas regulares a um optometrista ou ao seu oftalmologista.<\/a> Assim, basta adotar procedimentos simples e estar atento para que evite problemas de vis\u00e3o causados pela exposi\u00e7\u00e3o aos raios UV.<\/p>\n","protected":false},"excerpt":{"rendered":"<p>Usar \u00f3culos escuros \u00e9 imprescind\u00edvel, mas estes t\u00eam que ter prote\u00e7\u00e3o ultravioleta (UVA e UBV). O facto da lente ser mais ou menos escura n\u00e3o tem rela\u00e7\u00e3o alguma com a sua capacidade de proteger dos raios solares. Ali\u00e1s, alguns \u00f3culos graduados transparentes, polarizados, coloridos, e at\u00e9 lentes de contacto podem ter prote\u00e7\u00e3o UV (que deve [&hellip;]<\/p>\n","protected":false},"author":1,"featured_media":4585,"comment_status":"open","ping_status":"open","sticky":false,"template":"","format":"standard","meta":{"_monsterinsights_skip_tracking":false,"_monsterinsights_sitenote_active":false,"_monsterinsights_sitenote_note":"","_monsterinsights_sitenote_category":0},"categories":[159],"tags":[167],"yoast_head":"<!-- This site is optimized with the Yoast SEO plugin v16.3 - https:\/\/yoast.com\/wordpress\/plugins\/seo\/ -->\n<title>\u00d3culos escuros, que import\u00e2ncia t\u00eam e qual a sua prote\u00e7\u00e3o ? - Oculio<\/title>\n<meta name=\"description\" content=\"Usar \u00f3culos escuros \u00e9 imprescind\u00edvel, mas estes t\u00eam que ter prote\u00e7\u00e3o ultravioleta. \u00e9 imprescind\u00edvel o uso de \u00f3culos escuros com 99-100% de prote\u00e7\u00e3o\" \/>\n<meta name=\"robots\" content=\"index, follow, max-snippet:-1, max-image-preview:large, max-video-preview:-1\" \/>\n<link rel=\"canonical\" href=\"https:\/\/www.oculio.com\/espana\/a-importancia-dos-oculos-escuros\/\" \/>\n<meta property=\"og:locale\" content=\"es_ES\" \/>\n<meta property=\"og:type\" content=\"article\" \/>\n<meta property=\"og:title\" content=\"\u00d3culos escuros, que import\u00e2ncia t\u00eam e qual a sua prote\u00e7\u00e3o ? - Oculio\" \/>\n<meta property=\"og:description\" content=\"Usar \u00f3culos escuros \u00e9 imprescind\u00edvel, mas estes t\u00eam que ter prote\u00e7\u00e3o ultravioleta. \u00e9 imprescind\u00edvel o uso de \u00f3culos escuros com 99-100% de prote\u00e7\u00e3o\" \/>\n<meta property=\"og:url\" content=\"https:\/\/www.oculio.com\/espana\/a-importancia-dos-oculos-escuros\/\" \/>\n<meta property=\"og:site_name\" content=\"Oculio\" \/>\n<meta property=\"article:publisher\" content=\"https:\/\/www.facebook.com\/oculio\" \/>\n<meta property=\"article:published_time\" content=\"2019-08-09T17:07:04+00:00\" \/>\n<meta property=\"article:modified_time\" content=\"2020-11-25T18:45:35+00:00\" \/>\n<meta property=\"og:image\" content=\"https:\/\/www.oculio.com\/portugal\/wp-content\/uploads\/2019\/08\/a-importancia-dos-oculos-escuros.jpg\" \/>\n\t<meta property=\"og:image:width\" content=\"1024\" \/>\n\t<meta property=\"og:image:height\" content=\"682\" \/>\n<meta name=\"twitter:card\" content=\"summary_large_image\" \/>\n<meta name=\"twitter:label1\" content=\"Tiempo de lectura\">\n\t<meta name=\"twitter:data1\" content=\"1 minuto\">\n<script type=\"application\/ld+json\" class=\"yoast-schema-graph\">{\"@context\":\"https:\/\/schema.org\",\"@graph\":[{\"@type\":\"WebSite\",\"@id\":\"https:\/\/www.oculio.com\/espana\/#website\",\"url\":\"https:\/\/www.oculio.com\/espana\/\",\"name\":\"Oculio\",\"description\":\"Encuentra la \\u00f3ptica adecuada para tu perfil, siempre con garant\\u00eda de calidad.\",\"potentialAction\":[{\"@type\":\"SearchAction\",\"target\":\"https:\/\/www.oculio.com\/espana\/?s={search_term_string}\",\"query-input\":\"required name=search_term_string\"}],\"inLanguage\":\"es\"},{\"@type\":\"ImageObject\",\"@id\":\"https:\/\/www.oculio.com\/espana\/a-importancia-dos-oculos-escuros\/#primaryimage\",\"inLanguage\":\"es\",\"url\":\"https:\/\/www.oculio.com\/espana\/wp-content\/uploads\/2019\/08\/a-importancia-dos-oculos-escuros.jpg\",\"contentUrl\":\"https:\/\/www.oculio.com\/espana\/wp-content\/uploads\/2019\/08\/a-importancia-dos-oculos-escuros.jpg\",\"width\":1024,\"height\":682},{\"@type\":\"WebPage\",\"@id\":\"https:\/\/www.oculio.com\/espana\/a-importancia-dos-oculos-escuros\/#webpage\",\"url\":\"https:\/\/www.oculio.com\/espana\/a-importancia-dos-oculos-escuros\/\",\"name\":\"\\u00d3culos escuros, que import\\u00e2ncia t\\u00eam e qual a sua prote\\u00e7\\u00e3o ? - Oculio\",\"isPartOf\":{\"@id\":\"https:\/\/www.oculio.com\/espana\/#website\"},\"primaryImageOfPage\":{\"@id\":\"https:\/\/www.oculio.com\/espana\/a-importancia-dos-oculos-escuros\/#primaryimage\"},\"datePublished\":\"2019-08-09T17:07:04+00:00\",\"dateModified\":\"2020-11-25T18:45:35+00:00\",\"author\":{\"@id\":\"https:\/\/www.oculio.com\/espana\/#\/schema\/person\/840b5496b7335837fbc4208b3bcd5b3a\"},\"description\":\"Usar \\u00f3culos escuros \\u00e9 imprescind\\u00edvel, mas estes t\\u00eam que ter prote\\u00e7\\u00e3o ultravioleta. \\u00e9 imprescind\\u00edvel o uso de \\u00f3culos escuros com 99-100% de prote\\u00e7\\u00e3o\",\"breadcrumb\":{\"@id\":\"https:\/\/www.oculio.com\/espana\/a-importancia-dos-oculos-escuros\/#breadcrumb\"},\"inLanguage\":\"es\",\"potentialAction\":[{\"@type\":\"ReadAction\",\"target\":[\"https:\/\/www.oculio.com\/espana\/a-importancia-dos-oculos-escuros\/\"]}]},{\"@type\":\"BreadcrumbList\",\"@id\":\"https:\/\/www.oculio.com\/espana\/a-importancia-dos-oculos-escuros\/#breadcrumb\",\"itemListElement\":[{\"@type\":\"ListItem\",\"position\":1,\"item\":{\"@type\":\"WebPage\",\"@id\":\"https:\/\/www.oculio.com\/espana\/\",\"url\":\"https:\/\/www.oculio.com\/espana\/\",\"name\":\"In\\u00edcio\"}},{\"@type\":\"ListItem\",\"position\":2,\"item\":{\"@id\":\"https:\/\/www.oculio.com\/espana\/a-importancia-dos-oculos-escuros\/#webpage\"}}]},{\"@type\":\"Person\",\"@id\":\"https:\/\/www.oculio.com\/espana\/#\/schema\/person\/840b5496b7335837fbc4208b3bcd5b3a\",\"name\":\"Andr\\u00e9 Oliveira\",\"image\":{\"@type\":\"ImageObject\",\"@id\":\"https:\/\/www.oculio.com\/espana\/#personlogo\",\"inLanguage\":\"es\",\"url\":\"https:\/\/secure.gravatar.com\/avatar\/955afa975d806b8bd830207a09eef530?s=96&d=mm&r=g\",\"contentUrl\":\"https:\/\/secure.gravatar.com\/avatar\/955afa975d806b8bd830207a09eef530?s=96&d=mm&r=g\",\"caption\":\"Andr\\u00e9 Oliveira\"},\"sameAs\":[\"https:\/\/www.peepsagency.com\/\"],\"url\":\"https:\/\/www.oculio.com\/espana\/author\/andrefcoliveira\/\"}]}<\/script>\n<!-- \/ Yoast SEO plugin. -->","_links":{"self":[{"href":"https:\/\/www.oculio.com\/espana\/wp-json\/wp\/v2\/posts\/4565"}],"collection":[{"href":"https:\/\/www.oculio.com\/espana\/wp-json\/wp\/v2\/posts"}],"about":[{"href":"https:\/\/www.oculio.com\/espana\/wp-json\/wp\/v2\/types\/post"}],"author":[{"embeddable":true,"href":"https:\/\/www.oculio.com\/espana\/wp-json\/wp\/v2\/users\/1"}],"replies":[{"embeddable":true,"href":"https:\/\/www.oculio.com\/espana\/wp-json\/wp\/v2\/comments?post=4565"}],"version-history":[{"count":3,"href":"https:\/\/www.oculio.com\/espana\/wp-json\/wp\/v2\/posts\/4565\/revisions"}],"predecessor-version":[{"id":5821,"href":"https:\/\/www.oculio.com\/espana\/wp-json\/wp\/v2\/posts\/4565\/revisions\/5821"}],"wp:featuredmedia":[{"embeddable":true,"href":"https:\/\/www.oculio.com\/espana\/wp-json\/wp\/v2\/media\/4585"}],"wp:attachment":[{"href":"https:\/\/www.oculio.com\/espana\/wp-json\/wp\/v2\/media?parent=4565"}],"wp:term":[{"taxonomy":"category","embeddable":true,"href":"https:\/\/www.oculio.com\/espana\/wp-json\/wp\/v2\/categories?post=4565"},{"taxonomy":"post_tag","embeddable":true,"href":"https:\/\/www.oculio.com\/espana\/wp-json\/wp\/v2\/tags?post=4565"}],"curies":[{"name":"wp","href":"https:\/\/api.w.org\/{rel}","templated":true}]}}