{"id":4507,"date":"2019-08-09T13:28:11","date_gmt":"2019-08-09T13:28:11","guid":{"rendered":"https:\/\/oculio.com\/portugal\/?p=4507"},"modified":"2020-11-25T20:25:52","modified_gmt":"2020-11-25T19:25:52","slug":"o-que-e-o-estrabismo","status":"publish","type":"post","link":"https:\/\/www.oculio.com\/espana\/o-que-e-o-estrabismo\/","title":{"rendered":"Estrabismo. Como diagnosticar e tratar ?"},"content":{"rendered":"<p>O estrabismo \u00e9 um dist\u00farbio da vis\u00e3o relacionado\u00a0com um defeito no paralelismo dos eixos visuais devido a um desequil\u00edbrio muscular oculomotor. Estes m\u00fasculos trabalham juntos para controlar para onde olhamos. Se eles n\u00e3o funcionam em sintonia, pode surgir o estrabismo.<\/p>\n<p>&nbsp;<\/p>\n<h3><a href=\"https:\/\/hospitaldeolhos.net\/dicas\/como-tratar-o-estrabismo\/\"><strong>Tratamento<\/strong><\/a><\/h3>\n<p>O estrabismo\u00a0deve ser tratado o mais cedo poss\u00edvel.<\/p>\n<p>A utiliza\u00e7\u00e3o de \u00f3culos com lentes espec\u00edficas, exerc\u00edcios para os olhos, injec\u00e7\u00f5es de toxina botul\u00ednica ou mesmo a interven\u00e7\u00e3o cir\u00fargica podem ser usados \u200b\u200bpara tratar este problema.<\/p>\n<p>&nbsp;<\/p>\n<h3><strong>Como diagnosticar<\/strong><\/h3>\n<p>O c\u00e9rebro recebe duas imagens, da\u00ed que uma pessoa com estrabismo possa sentir a vis\u00e3o turva ou desfocada, e, consequente, algumas dores de cabe\u00e7a. Pode ser constante ou intermitente e \u00e9, geralmente, detectado durante um exame ocular de rotina.<\/p>\n<p>Os olhos podem cruzar ao tentar focar um objecto que est\u00e1 pr\u00f3ximo ou distante.<\/p>\n<p>&nbsp;<\/p>\n<p><strong>Sabia que afecta cerca de uma em cada vinte crian\u00e7as?<\/strong><\/p>\n<p>At\u00e9 aos tr\u00eas meses de idade, muitos beb\u00e9s podem sofrer desta condi\u00e7\u00e3o enquanto a sua vis\u00e3o se est\u00e1 a desenvolver.<\/p>\n<p>Por norma, aparece antes dos cinco anos de idade, mas tamb\u00e9m pode come\u00e7ar mais tarde na inf\u00e2ncia, ou mesmo durante a idade adulta.<\/p>\n<p>Uma crian\u00e7a que n\u00e3o esteja diagnosticada e devidamente acompanhada, pode desenvolver a partir do estrabismo o problema de\u00a0olho pregui\u00e7oso.<\/p>\n<p>&nbsp;<\/p>\n<blockquote><p>Se desconfia que o seu filho sofre de estrabismo, <a href=\"https:\/\/www.oculio.com\/portugal\/\">aconselhamos que o leve a um especialista.<\/a><\/p><\/blockquote>\n","protected":false},"excerpt":{"rendered":"<p>O estrabismo \u00e9 um dist\u00farbio da vis\u00e3o relacionado\u00a0com um defeito no paralelismo dos eixos visuais devido a um desequil\u00edbrio muscular oculomotor. Estes m\u00fasculos trabalham juntos para controlar para onde olhamos. Se eles n\u00e3o funcionam em sintonia, pode surgir o estrabismo. &nbsp; Tratamento O estrabismo\u00a0deve ser tratado o mais cedo poss\u00edvel. A utiliza\u00e7\u00e3o de \u00f3culos com [&hellip;]<\/p>\n","protected":false},"author":1,"featured_media":4508,"comment_status":"open","ping_status":"open","sticky":false,"template":"","format":"standard","meta":{"_monsterinsights_skip_tracking":false,"_monsterinsights_sitenote_active":false,"_monsterinsights_sitenote_note":"","_monsterinsights_sitenote_category":0},"categories":[159],"tags":[171],"yoast_head":"<!-- This site is optimized with the Yoast SEO plugin v16.3 - https:\/\/yoast.com\/wordpress\/plugins\/seo\/ -->\n<title>Estrabismo. Como diagnosticar e tratar ? - Oculio<\/title>\n<meta name=\"description\" content=\"O estrabismo \u00e9 um dist\u00farbio da vis\u00e3o relacionado\u00a0com um defeito no paralelismo dos eixos visuais devido a um desequil\u00edbrio muscular oculomotor.\" \/>\n<meta name=\"robots\" content=\"index, follow, max-snippet:-1, max-image-preview:large, max-video-preview:-1\" \/>\n<link rel=\"canonical\" href=\"https:\/\/www.oculio.com\/espana\/o-que-e-o-estrabismo\/\" \/>\n<meta property=\"og:locale\" content=\"es_ES\" \/>\n<meta property=\"og:type\" content=\"article\" \/>\n<meta property=\"og:title\" content=\"Estrabismo. Como diagnosticar e tratar ? - Oculio\" \/>\n<meta property=\"og:description\" content=\"O estrabismo \u00e9 um dist\u00farbio da vis\u00e3o relacionado\u00a0com um defeito no paralelismo dos eixos visuais devido a um desequil\u00edbrio muscular oculomotor.\" \/>\n<meta property=\"og:url\" content=\"https:\/\/www.oculio.com\/espana\/o-que-e-o-estrabismo\/\" \/>\n<meta property=\"og:site_name\" content=\"Oculio\" \/>\n<meta property=\"article:publisher\" content=\"https:\/\/www.facebook.com\/oculio\" \/>\n<meta property=\"article:published_time\" content=\"2019-08-09T13:28:11+00:00\" \/>\n<meta property=\"article:modified_time\" content=\"2020-11-25T19:25:52+00:00\" \/>\n<meta property=\"og:image\" content=\"https:\/\/www.oculio.com\/portugal\/wp-content\/uploads\/2019\/08\/blog-52.jpg\" \/>\n\t<meta property=\"og:image:width\" content=\"1024\" \/>\n\t<meta property=\"og:image:height\" content=\"682\" \/>\n<meta name=\"twitter:card\" content=\"summary_large_image\" \/>\n<meta name=\"twitter:label1\" content=\"Tiempo de lectura\">\n\t<meta name=\"twitter:data1\" content=\"1 minuto\">\n<script type=\"application\/ld+json\" class=\"yoast-schema-graph\">{\"@context\":\"https:\/\/schema.org\",\"@graph\":[{\"@type\":\"WebSite\",\"@id\":\"https:\/\/www.oculio.com\/espana\/#website\",\"url\":\"https:\/\/www.oculio.com\/espana\/\",\"name\":\"Oculio\",\"description\":\"Encuentra la \\u00f3ptica adecuada para tu perfil, siempre con garant\\u00eda de calidad.\",\"potentialAction\":[{\"@type\":\"SearchAction\",\"target\":\"https:\/\/www.oculio.com\/espana\/?s={search_term_string}\",\"query-input\":\"required name=search_term_string\"}],\"inLanguage\":\"es\"},{\"@type\":\"ImageObject\",\"@id\":\"https:\/\/www.oculio.com\/espana\/o-que-e-o-estrabismo\/#primaryimage\",\"inLanguage\":\"es\",\"url\":\"https:\/\/www.oculio.com\/espana\/wp-content\/uploads\/2019\/08\/blog-52.jpg\",\"contentUrl\":\"https:\/\/www.oculio.com\/espana\/wp-content\/uploads\/2019\/08\/blog-52.jpg\",\"width\":1024,\"height\":682},{\"@type\":\"WebPage\",\"@id\":\"https:\/\/www.oculio.com\/espana\/o-que-e-o-estrabismo\/#webpage\",\"url\":\"https:\/\/www.oculio.com\/espana\/o-que-e-o-estrabismo\/\",\"name\":\"Estrabismo. Como diagnosticar e tratar ? - Oculio\",\"isPartOf\":{\"@id\":\"https:\/\/www.oculio.com\/espana\/#website\"},\"primaryImageOfPage\":{\"@id\":\"https:\/\/www.oculio.com\/espana\/o-que-e-o-estrabismo\/#primaryimage\"},\"datePublished\":\"2019-08-09T13:28:11+00:00\",\"dateModified\":\"2020-11-25T19:25:52+00:00\",\"author\":{\"@id\":\"https:\/\/www.oculio.com\/espana\/#\/schema\/person\/840b5496b7335837fbc4208b3bcd5b3a\"},\"description\":\"O estrabismo \\u00e9 um dist\\u00farbio da vis\\u00e3o relacionado\\u00a0com um defeito no paralelismo dos eixos visuais devido a um desequil\\u00edbrio muscular oculomotor.\",\"breadcrumb\":{\"@id\":\"https:\/\/www.oculio.com\/espana\/o-que-e-o-estrabismo\/#breadcrumb\"},\"inLanguage\":\"es\",\"potentialAction\":[{\"@type\":\"ReadAction\",\"target\":[\"https:\/\/www.oculio.com\/espana\/o-que-e-o-estrabismo\/\"]}]},{\"@type\":\"BreadcrumbList\",\"@id\":\"https:\/\/www.oculio.com\/espana\/o-que-e-o-estrabismo\/#breadcrumb\",\"itemListElement\":[{\"@type\":\"ListItem\",\"position\":1,\"item\":{\"@type\":\"WebPage\",\"@id\":\"https:\/\/www.oculio.com\/espana\/\",\"url\":\"https:\/\/www.oculio.com\/espana\/\",\"name\":\"In\\u00edcio\"}},{\"@type\":\"ListItem\",\"position\":2,\"item\":{\"@id\":\"https:\/\/www.oculio.com\/espana\/o-que-e-o-estrabismo\/#webpage\"}}]},{\"@type\":\"Person\",\"@id\":\"https:\/\/www.oculio.com\/espana\/#\/schema\/person\/840b5496b7335837fbc4208b3bcd5b3a\",\"name\":\"Andr\\u00e9 Oliveira\",\"image\":{\"@type\":\"ImageObject\",\"@id\":\"https:\/\/www.oculio.com\/espana\/#personlogo\",\"inLanguage\":\"es\",\"url\":\"https:\/\/secure.gravatar.com\/avatar\/955afa975d806b8bd830207a09eef530?s=96&d=mm&r=g\",\"contentUrl\":\"https:\/\/secure.gravatar.com\/avatar\/955afa975d806b8bd830207a09eef530?s=96&d=mm&r=g\",\"caption\":\"Andr\\u00e9 Oliveira\"},\"sameAs\":[\"https:\/\/www.peepsagency.com\/\"],\"url\":\"https:\/\/www.oculio.com\/espana\/author\/andrefcoliveira\/\"}]}<\/script>\n<!-- \/ Yoast SEO plugin. -->","_links":{"self":[{"href":"https:\/\/www.oculio.com\/espana\/wp-json\/wp\/v2\/posts\/4507"}],"collection":[{"href":"https:\/\/www.oculio.com\/espana\/wp-json\/wp\/v2\/posts"}],"about":[{"href":"https:\/\/www.oculio.com\/espana\/wp-json\/wp\/v2\/types\/post"}],"author":[{"embeddable":true,"href":"https:\/\/www.oculio.com\/espana\/wp-json\/wp\/v2\/users\/1"}],"replies":[{"embeddable":true,"href":"https:\/\/www.oculio.com\/espana\/wp-json\/wp\/v2\/comments?post=4507"}],"version-history":[{"count":4,"href":"https:\/\/www.oculio.com\/espana\/wp-json\/wp\/v2\/posts\/4507\/revisions"}],"predecessor-version":[{"id":5835,"href":"https:\/\/www.oculio.com\/espana\/wp-json\/wp\/v2\/posts\/4507\/revisions\/5835"}],"wp:featuredmedia":[{"embeddable":true,"href":"https:\/\/www.oculio.com\/espana\/wp-json\/wp\/v2\/media\/4508"}],"wp:attachment":[{"href":"https:\/\/www.oculio.com\/espana\/wp-json\/wp\/v2\/media?parent=4507"}],"wp:term":[{"taxonomy":"category","embeddable":true,"href":"https:\/\/www.oculio.com\/espana\/wp-json\/wp\/v2\/categories?post=4507"},{"taxonomy":"post_tag","embeddable":true,"href":"https:\/\/www.oculio.com\/espana\/wp-json\/wp\/v2\/tags?post=4507"}],"curies":[{"name":"wp","href":"https:\/\/api.w.org\/{rel}","templated":true}]}}