{"id":4480,"date":"2019-08-09T11:01:27","date_gmt":"2019-08-09T11:01:27","guid":{"rendered":"https:\/\/oculio.com\/portugal\/?p=4480"},"modified":"2020-11-25T20:32:44","modified_gmt":"2020-11-25T19:32:44","slug":"a-importancia-do-rastreio-visual","status":"publish","type":"post","link":"https:\/\/www.oculio.com\/espana\/a-importancia-do-rastreio-visual\/","title":{"rendered":"Rastreio Visual. A import\u00e2ncia de o fazer e como prevenir"},"content":{"rendered":"<blockquote><p>O rastreio visual insere-se nos cuidados prim\u00e1rios de sa\u00fade.<\/p><\/blockquote>\n<p><a href=\"https:\/\/www.opticapita.pt\/2019\/05\/30\/a-importancia-do-rastreio-visual-infantil\/\">O rastreio optom\u00e9trico<\/a> identifica o estado da sua sa\u00fade visual, atrav\u00e9s de testes ou outras t\u00e9cnicas de aplica\u00e7\u00e3o r\u00e1pida, a fim de despistar condi\u00e7\u00f5es oculares ocultas que necessitem de observa\u00e7\u00e3o por um m\u00e9dico oftalmologista.<\/p>\n<h3><strong>Que sinais deve ter em aten\u00e7\u00e3o<\/strong><\/h3>\n<ol>\n<li>Vis\u00e3o turva;<\/li>\n<li>Perda de vis\u00e3o;<\/li>\n<li>Sensibilidade \u00e0 luz;<\/li>\n<li>Necessidade de afastar os textos para os conseguir ler.<\/li>\n<\/ol>\n<h3><strong>Como prevenir ou aliviar os sintomas<\/strong><\/h3>\n<ol>\n<li>Pestaneje com frequ\u00eancia;<\/li>\n<li>Fa\u00e7a pausas de 10 minutos em cada 2 horas;<\/li>\n<li>Desvie os olhos do monitor e olhe para longe a cada 15 minutos;<\/li>\n<li>Mantenha uma postura f\u00edsica adequada.<\/li>\n<\/ol>\n<h3><strong>Conselhos \u00fateis<\/strong><\/h3>\n<ol>\n<li>Evite a exposi\u00e7\u00e3o solar entre as 12 e as 16 horas;<\/li>\n<li>Esteja atento aos avisos de elevado \u00edndice de ultravioleta;<\/li>\n<li>Use exclusivamente \u00f3culos de sol com protec\u00e7\u00e3o ultravioleta;<\/li>\n<li>Prefira arma\u00e7\u00f5es resistentes a quedas.<\/li>\n<\/ol>\n<p>Se os sintomas persistirem, deve procurar o seu especialista em vis\u00e3o para a realiza\u00e7\u00e3o de um rastreio visual.<\/p>\n<p>A avalia\u00e7\u00e3o da acuidade visual efetuada por um t\u00e9cnico de Optometria pode ser realizada a partir dos 5 anos de idade. A partir dos 40 anos os seus olhos envelhecem. Esteja atento aos sinais de alerta e consulte um especialista de vis\u00e3o logo que surjam.<\/p>\n<p>Em caso de perfeita sa\u00fade visual, <a href=\"https:\/\/www.oculio.com\/portugal\/\">repita a sua consulta de rotina oftalmol\u00f3gica uma vez por ano.<\/a><\/p>\n","protected":false},"excerpt":{"rendered":"<p>O rastreio visual insere-se nos cuidados prim\u00e1rios de sa\u00fade. O rastreio optom\u00e9trico identifica o estado da sua sa\u00fade visual, atrav\u00e9s de testes ou outras t\u00e9cnicas de aplica\u00e7\u00e3o r\u00e1pida, a fim de despistar condi\u00e7\u00f5es oculares ocultas que necessitem de observa\u00e7\u00e3o por um m\u00e9dico oftalmologista. Que sinais deve ter em aten\u00e7\u00e3o Vis\u00e3o turva; Perda de vis\u00e3o; Sensibilidade [&hellip;]<\/p>\n","protected":false},"author":1,"featured_media":4481,"comment_status":"open","ping_status":"open","sticky":false,"template":"","format":"standard","meta":{"_monsterinsights_skip_tracking":false,"_monsterinsights_sitenote_active":false,"_monsterinsights_sitenote_note":"","_monsterinsights_sitenote_category":0},"categories":[159],"tags":[165],"yoast_head":"<!-- This site is optimized with the Yoast SEO plugin v16.3 - https:\/\/yoast.com\/wordpress\/plugins\/seo\/ -->\n<title>Rastreio Visual. A import\u00e2ncia de o fazer e como prevenir - Oculio<\/title>\n<meta name=\"description\" content=\"O rastreio optom\u00e9trico identifica o estado da sua sa\u00fade visual, atrav\u00e9s de testes ou outras t\u00e9cnicas de aplica\u00e7\u00e3o r\u00e1pida.\" \/>\n<meta name=\"robots\" content=\"index, follow, max-snippet:-1, max-image-preview:large, max-video-preview:-1\" \/>\n<link rel=\"canonical\" href=\"https:\/\/www.oculio.com\/espana\/a-importancia-do-rastreio-visual\/\" \/>\n<meta property=\"og:locale\" content=\"es_ES\" \/>\n<meta property=\"og:type\" content=\"article\" \/>\n<meta property=\"og:title\" content=\"Rastreio Visual. A import\u00e2ncia de o fazer e como prevenir - Oculio\" \/>\n<meta property=\"og:description\" content=\"O rastreio optom\u00e9trico identifica o estado da sua sa\u00fade visual, atrav\u00e9s de testes ou outras t\u00e9cnicas de aplica\u00e7\u00e3o r\u00e1pida.\" \/>\n<meta property=\"og:url\" content=\"https:\/\/www.oculio.com\/espana\/a-importancia-do-rastreio-visual\/\" \/>\n<meta property=\"og:site_name\" content=\"Oculio\" \/>\n<meta property=\"article:publisher\" content=\"https:\/\/www.facebook.com\/oculio\" \/>\n<meta property=\"article:published_time\" content=\"2019-08-09T11:01:27+00:00\" \/>\n<meta property=\"article:modified_time\" content=\"2020-11-25T19:32:44+00:00\" \/>\n<meta property=\"og:image\" content=\"https:\/\/www.oculio.com\/portugal\/wp-content\/uploads\/2019\/08\/blog-50.jpg\" \/>\n\t<meta property=\"og:image:width\" content=\"1024\" \/>\n\t<meta property=\"og:image:height\" content=\"682\" \/>\n<meta name=\"twitter:card\" content=\"summary_large_image\" \/>\n<meta name=\"twitter:label1\" content=\"Tiempo de lectura\">\n\t<meta name=\"twitter:data1\" content=\"1 minuto\">\n<script type=\"application\/ld+json\" class=\"yoast-schema-graph\">{\"@context\":\"https:\/\/schema.org\",\"@graph\":[{\"@type\":\"WebSite\",\"@id\":\"https:\/\/www.oculio.com\/espana\/#website\",\"url\":\"https:\/\/www.oculio.com\/espana\/\",\"name\":\"Oculio\",\"description\":\"Encuentra la \\u00f3ptica adecuada para tu perfil, siempre con garant\\u00eda de calidad.\",\"potentialAction\":[{\"@type\":\"SearchAction\",\"target\":\"https:\/\/www.oculio.com\/espana\/?s={search_term_string}\",\"query-input\":\"required name=search_term_string\"}],\"inLanguage\":\"es\"},{\"@type\":\"ImageObject\",\"@id\":\"https:\/\/www.oculio.com\/espana\/a-importancia-do-rastreio-visual\/#primaryimage\",\"inLanguage\":\"es\",\"url\":\"https:\/\/www.oculio.com\/espana\/wp-content\/uploads\/2019\/08\/blog-50.jpg\",\"contentUrl\":\"https:\/\/www.oculio.com\/espana\/wp-content\/uploads\/2019\/08\/blog-50.jpg\",\"width\":1024,\"height\":682},{\"@type\":\"WebPage\",\"@id\":\"https:\/\/www.oculio.com\/espana\/a-importancia-do-rastreio-visual\/#webpage\",\"url\":\"https:\/\/www.oculio.com\/espana\/a-importancia-do-rastreio-visual\/\",\"name\":\"Rastreio Visual. A import\\u00e2ncia de o fazer e como prevenir - Oculio\",\"isPartOf\":{\"@id\":\"https:\/\/www.oculio.com\/espana\/#website\"},\"primaryImageOfPage\":{\"@id\":\"https:\/\/www.oculio.com\/espana\/a-importancia-do-rastreio-visual\/#primaryimage\"},\"datePublished\":\"2019-08-09T11:01:27+00:00\",\"dateModified\":\"2020-11-25T19:32:44+00:00\",\"author\":{\"@id\":\"https:\/\/www.oculio.com\/espana\/#\/schema\/person\/840b5496b7335837fbc4208b3bcd5b3a\"},\"description\":\"O rastreio optom\\u00e9trico identifica o estado da sua sa\\u00fade visual, atrav\\u00e9s de testes ou outras t\\u00e9cnicas de aplica\\u00e7\\u00e3o r\\u00e1pida.\",\"breadcrumb\":{\"@id\":\"https:\/\/www.oculio.com\/espana\/a-importancia-do-rastreio-visual\/#breadcrumb\"},\"inLanguage\":\"es\",\"potentialAction\":[{\"@type\":\"ReadAction\",\"target\":[\"https:\/\/www.oculio.com\/espana\/a-importancia-do-rastreio-visual\/\"]}]},{\"@type\":\"BreadcrumbList\",\"@id\":\"https:\/\/www.oculio.com\/espana\/a-importancia-do-rastreio-visual\/#breadcrumb\",\"itemListElement\":[{\"@type\":\"ListItem\",\"position\":1,\"item\":{\"@type\":\"WebPage\",\"@id\":\"https:\/\/www.oculio.com\/espana\/\",\"url\":\"https:\/\/www.oculio.com\/espana\/\",\"name\":\"In\\u00edcio\"}},{\"@type\":\"ListItem\",\"position\":2,\"item\":{\"@id\":\"https:\/\/www.oculio.com\/espana\/a-importancia-do-rastreio-visual\/#webpage\"}}]},{\"@type\":\"Person\",\"@id\":\"https:\/\/www.oculio.com\/espana\/#\/schema\/person\/840b5496b7335837fbc4208b3bcd5b3a\",\"name\":\"Andr\\u00e9 Oliveira\",\"image\":{\"@type\":\"ImageObject\",\"@id\":\"https:\/\/www.oculio.com\/espana\/#personlogo\",\"inLanguage\":\"es\",\"url\":\"https:\/\/secure.gravatar.com\/avatar\/955afa975d806b8bd830207a09eef530?s=96&d=mm&r=g\",\"contentUrl\":\"https:\/\/secure.gravatar.com\/avatar\/955afa975d806b8bd830207a09eef530?s=96&d=mm&r=g\",\"caption\":\"Andr\\u00e9 Oliveira\"},\"sameAs\":[\"https:\/\/www.peepsagency.com\/\"],\"url\":\"https:\/\/www.oculio.com\/espana\/author\/andrefcoliveira\/\"}]}<\/script>\n<!-- \/ Yoast SEO plugin. -->","_links":{"self":[{"href":"https:\/\/www.oculio.com\/espana\/wp-json\/wp\/v2\/posts\/4480"}],"collection":[{"href":"https:\/\/www.oculio.com\/espana\/wp-json\/wp\/v2\/posts"}],"about":[{"href":"https:\/\/www.oculio.com\/espana\/wp-json\/wp\/v2\/types\/post"}],"author":[{"embeddable":true,"href":"https:\/\/www.oculio.com\/espana\/wp-json\/wp\/v2\/users\/1"}],"replies":[{"embeddable":true,"href":"https:\/\/www.oculio.com\/espana\/wp-json\/wp\/v2\/comments?post=4480"}],"version-history":[{"count":3,"href":"https:\/\/www.oculio.com\/espana\/wp-json\/wp\/v2\/posts\/4480\/revisions"}],"predecessor-version":[{"id":5839,"href":"https:\/\/www.oculio.com\/espana\/wp-json\/wp\/v2\/posts\/4480\/revisions\/5839"}],"wp:featuredmedia":[{"embeddable":true,"href":"https:\/\/www.oculio.com\/espana\/wp-json\/wp\/v2\/media\/4481"}],"wp:attachment":[{"href":"https:\/\/www.oculio.com\/espana\/wp-json\/wp\/v2\/media?parent=4480"}],"wp:term":[{"taxonomy":"category","embeddable":true,"href":"https:\/\/www.oculio.com\/espana\/wp-json\/wp\/v2\/categories?post=4480"},{"taxonomy":"post_tag","embeddable":true,"href":"https:\/\/www.oculio.com\/espana\/wp-json\/wp\/v2\/tags?post=4480"}],"curies":[{"name":"wp","href":"https:\/\/api.w.org\/{rel}","templated":true}]}}